{"id":226178,"date":"2025-05-12T09:54:37","date_gmt":"2025-05-12T15:54:37","guid":{"rendered":"https:\/\/www.enteratever.com\/2023\/?p=226178"},"modified":"2025-05-12T09:54:37","modified_gmt":"2025-05-12T15:54:37","slug":"sheinbaum-va-por-retirar-concesion-a-empresa-del-parque-bicentenario-queremos-que-sea-operado-por-la-secretaria-de-cultura","status":"publish","type":"post","link":"https:\/\/www.enteratever.com\/2023\/2025\/05\/12\/sheinbaum-va-por-retirar-concesion-a-empresa-del-parque-bicentenario-queremos-que-sea-operado-por-la-secretaria-de-cultura\/","title":{"rendered":"Sheinbaum va por retirar concesi\u00f3n a empresa del Parque Bicentenario; \u00abqueremos que sea operado por la Secretar\u00eda de Cultura\u00bb"},"content":{"rendered":"<p>Visitas: 1<\/p><p>Despu\u00e9s de que el festival Axe Ceremonia fuera suspendido por el colapso de una estructura que mat\u00f3 a dos fot\u00f3grafos, la presidenta Claudia Sheinbaum Pardo asegur\u00f3 que se \u00abse est\u00e1 haciendo todo\u00bb para retirar la concesi\u00f3n a la empresa del Parque Bicentenario y que se haga cargo la Secretar\u00eda de Cultura.<\/p>\n<p>\u00abHay algunos temas jur\u00eddicos que est\u00e1 viendo la consejera jur\u00eddica y la Secretar\u00eda de Sedatu, pero se va a retirar la la concesi\u00f3n queremos que ese parque sea operado por la Secretar\u00eda de Cultura porque no tiene sentido que haya concesi\u00f3n que se entreg\u00f3 al final del sexenio de Pe\u00f1a Nieto a la casi entrada del presidente L\u00f3pez Obrador\u00bb, dijo.<\/p>\n<p>La mandataria federal inform\u00f3 que el objetivo es que ese parque sea operado por la Secretar\u00eda de Cultura Federal, en coordinaci\u00f3n, evidentemente con el gobierno de la Ciudad de M\u00e9xico.<\/p>\n<p>Actualmente, la secretaria de Desarrollo Agrario, Territorial y Urbano (Sedatu), Edna Elena Vega Rangel, se est\u00e1 llevando a cabo una revisi\u00f3n exhaustiva de la concesi\u00f3n del Parque Bicentenario,indagando sobre su otorgamiento, los responsables actuales y los procesos legales relacionados con el caso.<\/p>\n<p>El Universal<\/p>\n","protected":false},"excerpt":{"rendered":"<p>Visitas: 1Despu\u00e9s de que el festival Axe Ceremonia fuera suspendido por el colapso de una estructura que mat\u00f3 a dos fot\u00f3grafos, la presidenta Claudia Sheinbaum Pardo asegur\u00f3 que se \u00abse est\u00e1 haciendo todo\u00bb para retirar la concesi\u00f3n a la empresa del Parque Bicentenario y que se haga cargo la Secretar\u00eda de Cultura. \u00abHay algunos temas [&hellip;]<\/p>\n","protected":false},"author":2,"featured_media":226180,"comment_status":"open","ping_status":"open","sticky":false,"template":"","format":"standard","meta":{"footnotes":""},"categories":[252],"tags":[],"class_list":{"0":"post-226178","1":"post","2":"type-post","3":"status-publish","4":"format-standard","5":"has-post-thumbnail","7":"category-nacionales"},"nelio_content":{"isAutoShareEnabled":true,"autoShareEndMode":"never","automationSources":{"useCustomSentences":false,"customSentences":[]},"followers":[2],"suggestedReferences":[],"efiUrl":"","efiAlt":"","highlights":[],"permalinkQueryArgs":[],"series":[]},"_links":{"self":[{"href":"https:\/\/www.enteratever.com\/2023\/wp-json\/wp\/v2\/posts\/226178","targetHints":{"allow":["GET"]}}],"collection":[{"href":"https:\/\/www.enteratever.com\/2023\/wp-json\/wp\/v2\/posts"}],"about":[{"href":"https:\/\/www.enteratever.com\/2023\/wp-json\/wp\/v2\/types\/post"}],"author":[{"embeddable":true,"href":"https:\/\/www.enteratever.com\/2023\/wp-json\/wp\/v2\/users\/2"}],"replies":[{"embeddable":true,"href":"https:\/\/www.enteratever.com\/2023\/wp-json\/wp\/v2\/comments?post=226178"}],"version-history":[{"count":1,"href":"https:\/\/www.enteratever.com\/2023\/wp-json\/wp\/v2\/posts\/226178\/revisions"}],"predecessor-version":[{"id":226188,"href":"https:\/\/www.enteratever.com\/2023\/wp-json\/wp\/v2\/posts\/226178\/revisions\/226188"}],"wp:featuredmedia":[{"embeddable":true,"href":"https:\/\/www.enteratever.com\/2023\/wp-json\/wp\/v2\/media\/226180"}],"wp:attachment":[{"href":"https:\/\/www.enteratever.com\/2023\/wp-json\/wp\/v2\/media?parent=226178"}],"wp:term":[{"taxonomy":"category","embeddable":true,"href":"https:\/\/www.enteratever.com\/2023\/wp-json\/wp\/v2\/categories?post=226178"},{"taxonomy":"post_tag","embeddable":true,"href":"https:\/\/www.enteratever.com\/2023\/wp-json\/wp\/v2\/tags?post=226178"}],"curies":[{"name":"wp","href":"https:\/\/api.w.org\/{rel}","templated":true}]}}