{"id":226066,"date":"2025-05-09T08:49:57","date_gmt":"2025-05-09T14:49:57","guid":{"rendered":"https:\/\/www.enteratever.com\/2023\/?p=226066"},"modified":"2025-05-09T08:49:57","modified_gmt":"2025-05-09T14:49:57","slug":"por-bromista-con-el-papa-leon-xiv-le-salio-el-tiro-por-la-culata-a-trump","status":"publish","type":"post","link":"https:\/\/www.enteratever.com\/2023\/2025\/05\/09\/por-bromista-con-el-papa-leon-xiv-le-salio-el-tiro-por-la-culata-a-trump\/","title":{"rendered":"\u00bfPor bromista? Con el papa Le\u00f3n XIV, le \u00absali\u00f3 el tiro por la culata\u00bb a Trump"},"content":{"rendered":"<p>Visitas: 6<\/p><p>Hace menos de una semana, Donald Trump gener\u00f3 revuelo global al publicar en sus redes sociales una imagen hecha con inteligencia artificial vestido de Pont\u00edfice. \u201cMe gustar\u00eda ser Papa\u201d, brome\u00f3.<\/p>\n<p>Fue, tal vez, una imagen prof\u00e9tica, porque el nuevo Papa es estadounidense, por primera vez en la historia. Aunque el tiro parece haberle salido por la culata al presidente.<\/p>\n<p>El elegido para ser el sucesor de Francisco fue finalmente el cardenal estadounidense Robert Francis Prevost, de 69 a\u00f1os y con una larga trayectoria en Per\u00fa, muy alineado a la agenda de su predecesor y visto como un contrapeso a Trump.<\/p>\n<p>El mandatario nunca ocult\u00f3 su predilecci\u00f3n por el cardenal Timothy Dolan, de 75 a\u00f1os y arzobispo de la ciudad de Nueva York, considerado l\u00edder del ala m\u00e1s tradicionalista de la Iglesia norteamericana y opositor a la agenda reformista de Jorge Bergoglio. Ahora tendr\u00e1 una n\u00e9mesis en Le\u00f3n XIV, como eligi\u00f3 ser llamado Prevost, que en su primer mensaje habl\u00f3 en italiano y espa\u00f1ol, pero no en ingl\u00e9s.<\/p>\n<p>Visiblemente emocionado, el primer Pont\u00edfice estadounidense dedic\u00f3 palabras a su antecesor tras salir al balc\u00f3n. \u201cGracias al papa Francisco\u201d, dijo, y se mantuvo siempre en l\u00ednea con los reiterados pedidos de paz y apertura del exarzobispo de Buenos Aires.<\/p>\n<p>\u201cAy\u00fadense ustedes los unos a los otros, a construir puentes para ser todos juntos un solo pueblo en paz\u201d, plante\u00f3, y reforz\u00f3: \u201cTenemos que estar juntos, ser una iglesia misionera, que construye puestos de di\u00e1logo, abierta a recibir a todos aquellos que tienen necesidad de nuestra caridad, presencia de di\u00e1logo y amor\u201d. Una continuidad del legado de Francisco.<\/p>\n<p>La llegada de Prevost a m\u00e1ximo l\u00edder de la Iglesia genera un cambio de paradigma en el catolicismo estadounidense y podr\u00eda anticipar una relaci\u00f3n tirante con Trump, que de todas formas luego de la hist\u00f3rica elecci\u00f3n del cardenal comparti\u00f3 un mensaje de felicitaci\u00f3n.<\/p>\n<p>\u00abGran honor para EU\u00bb; Trump felicita a Robert Prevot, el nuevo Papa<br \/>\nEn una publicaci\u00f3n en redes sociales, Trump expres\u00f3 su entusiasmo y orgullo por este hito en la historia de la Iglesia cat\u00f3lica, y destac\u00f3 la relevancia de que el l\u00edder de la Iglesia provenga de Estados Unidos. \u201c\u00a1Felicitaciones al cardenal Robert Francis Prevost, quien acaba de ser nombrado papa! Es un gran honor darnos cuenta de que es el primer papa estadounidense. Qu\u00e9 emoci\u00f3n, y qu\u00e9 gran honor para nuestro pa\u00eds. Espero con ansias conocer al papa Le\u00f3n XIV. \u00a1Ser\u00e1 un momento muy significativo!\u201d, escribi\u00f3 Trump.<\/p>\n<p>El predecesor de Le\u00f3n XIV siempre fue consciente de las feroces resistencias que ten\u00eda en los sectores cat\u00f3licos m\u00e1s conservadores de la mayor potencia global, que no estaban de acuerdo con el viraje de su papado, de cercan\u00eda a los pobres y las periferias. \u201cEn Estados Unidos la cosa no es f\u00e1cil: hay una actitud reaccionaria muy fuerte, organizada\u201d, llego a decir Francisco. Seguramente Prevost tambi\u00e9n tenga que hacerles frente.<\/p>\n<p>\u201cEl punto focal de la oposici\u00f3n al papa Francisco estuvo en Estados Unidos\u201d, reforz\u00f3 d\u00edas atr\u00e1s el experto David Gibson, director del Centro sobre Religi\u00f3n y Cultura de la Universidad Fordham, en Nueva York.<\/p>\n<p>Hay otro factor clave a tener en cuenta para el futuro v\u00ednculo entre Prevost y el presidente: Estados Unidos tiene la cuarta mayor poblaci\u00f3n cat\u00f3lica del mundo, con m\u00e1s de 72 millones de fieles (un 20% de la poblaci\u00f3n del pa\u00eds). Al tener un pont\u00edfice nacido en Chicago, originario de la superpotencia global, ahora el Vaticano podr\u00eda una influencia inusitada en un mundo turbulento, marcado por las guerras, los conflictos, el auge neoliberal y populista, y feroces luchas pol\u00edticas.<\/p>\n<p>Prevost, un cardenal con una larga trayectoria que habr\u00eda tenido un fuerte apoyo de los cardenales latinoamericanos, ha sido una figura influyente dentro de la Iglesia en los \u00faltimos a\u00f1os, considerado un l\u00edder moderado que trabaj\u00f3 en estrecha colaboraci\u00f3n con Francisco. Tal fue la confianza que le ten\u00eda el Papa argentino que lo design\u00f3 en un papel clave en el Dicasterio para los Obispos, clave para la designaci\u00f3n de los obispos en todo el mundo. All\u00ed fue que se molde\u00f3 la sucesi\u00f3n de Bergoglio.<\/p>\n<p>En la Iglesia hay quienes destacaban a Prevost como un s\u00f3lido papable por combinar el pragmatismo de Estados Unidos \u2013donde creci\u00f3- y la sensibilidad pastoral latinoamericana, un pilar para continuar la senda de Francisco. Y, como destac\u00f3 el sitio especializado en informaci\u00f3n religiosa Reuni\u00f3n Digital, el cardenal podr\u00eda erigirse en un \u201cmuro de contenci\u00f3n\u201d frente a Trump, cuyas duras posturas sobre la migraci\u00f3n -que lo enfrentaron a Bergoglio- \u201cconoce a la perfecci\u00f3n\u201d.<\/p>\n<p>\u201cEl menos estadounidense de los estadounidenses\u201d, calific\u00f3 a Prevost el diario italiano La Repubblica, por la moderaci\u00f3n de sus palabras. Un dato que no pas\u00f3 desapercibido aqu\u00ed lo aport\u00f3 The Washington Post: el cardenal vot\u00f3 en las primarias republicanas de Illinois en 2012, 2014 y 2016, seg\u00fan los registros del censo electoral. Tambi\u00e9n sufrag\u00f3 en las elecciones generales, la \u00faltima vez a trav\u00e9s del voto por correo, en noviembre pasado, cuando Trump se enfrent\u00f3 con la dem\u00f3crata Kamala Harris. \u00bfPor qui\u00e9n se habr\u00e1 inclinado?<\/p>\n<p>El catolicismo estadounidense vive un momento de auge, destac\u00f3 The New York Times tras la elecci\u00f3n de Le\u00f3n XIV. En particular, el actual vicepresidente JD Vance se convirti\u00f3 al catolicismo, mientras que Biden fue el primer presidente cat\u00f3lico desde el John F. Kennedy. Ahora tiene su primer papa.<\/p>\n<p>Aunque Francisco recibi\u00f3 en el Vaticano a Trump en 2017, durante la primera presidencia del l\u00edder republicano, la cuesti\u00f3n migratoria \u2013uno de los ejes centrales de la agenda del mandatario- fue una barrera infranqueable en su v\u00ednculo, muy distinto al que mantuvo Bergoglio con los otros mandatarios estadounidenses con los que coincidi\u00f3: Barack Obama, en el inicio de su pontificado, y Joe Biden, entre enero de 2021 y 2025.<\/p>\n<p>Con una agenda a tono con la de Francisco, de cercan\u00eda a los migrantes, Prevost podr\u00eda reeditar ese v\u00ednculo tenso. La segunda administraci\u00f3n de Trump, que empez\u00f3 el 20 de enero pasado, ha tenido una fuerte impronta de combate a la migraci\u00f3n ilegal, con deportaciones masivas, arrestos y refuerzos de las fronteras. Incluso, en las \u00faltimas semanas se enfoc\u00f3 en los extranjeros con green card.<\/p>\n<p>\u201cNuestro trabajo es ampliar la carpa y hacer saber a todos que son bienvenidos dentro de la Iglesia\u201d, dijo Prevost en una entrevista en 2023, en alusi\u00f3n directa a los temas migratorios.<\/p>\n<p>Para Francisco, esa fue una de sus \u00faltimas batallas pol\u00edticas. Casi hasta el final de su vida. En una carta que le envi\u00f3 m\u00e1s de 280 obispos de Estados Unidos \u201cen estos delicados momentos\u201d, Francisco critic\u00f3 este a\u00f1o esos procedimientos e inst\u00f3 a los pastores del pa\u00eds a defender a los migrantes.<\/p>\n<p>\u201cSegu\u00ed con atenci\u00f3n la importante crisis que tiene lugar en Estados Unidos con motivo del inicio de un programa de deportaciones masivas. La conciencia rectamente formada no puede dejar de realizar un juicio cr\u00edtico y expresar su desacuerdo con cualquier medida que identifique, de manera t\u00e1cita o expl\u00edcita, la condici\u00f3n ilegal de algunos migrantes con la criminalidad\u201d, hab\u00eda se\u00f1alado Bergoglio en la misiva, antes de ser hospitalizado en Roma. Un dardo directo al coraz\u00f3n de la administraci\u00f3n republicana.<\/p>\n<p>Un anticipo de la que ser\u00e1 una las tantas batallas que Le\u00f3n XIV promete seguir, y que dejar\u00e1 la relaci\u00f3n de Trump con el Vaticano bajo los focos del mundo.<\/p>\n<p>El Universal+<\/p>\n","protected":false},"excerpt":{"rendered":"<p>Visitas: 6Hace menos de una semana, Donald Trump gener\u00f3 revuelo global al publicar en sus redes sociales una imagen hecha con inteligencia artificial vestido de Pont\u00edfice. \u201cMe gustar\u00eda ser Papa\u201d, brome\u00f3. Fue, tal vez, una imagen prof\u00e9tica, porque el nuevo Papa es estadounidense, por primera vez en la historia. Aunque el tiro parece haberle salido [&hellip;]<\/p>\n","protected":false},"author":2,"featured_media":226067,"comment_status":"open","ping_status":"open","sticky":false,"template":"","format":"standard","meta":{"footnotes":""},"categories":[251],"tags":[],"class_list":{"0":"post-226066","1":"post","2":"type-post","3":"status-publish","4":"format-standard","5":"has-post-thumbnail","7":"category-internacionales"},"nelio_content":{"isAutoShareEnabled":true,"autoShareEndMode":"never","automationSources":{"useCustomSentences":false,"customSentences":[]},"followers":[2],"suggestedReferences":[],"efiUrl":"","efiAlt":"","highlights":[],"permalinkQueryArgs":[],"series":[]},"_links":{"self":[{"href":"https:\/\/www.enteratever.com\/2023\/wp-json\/wp\/v2\/posts\/226066","targetHints":{"allow":["GET"]}}],"collection":[{"href":"https:\/\/www.enteratever.com\/2023\/wp-json\/wp\/v2\/posts"}],"about":[{"href":"https:\/\/www.enteratever.com\/2023\/wp-json\/wp\/v2\/types\/post"}],"author":[{"embeddable":true,"href":"https:\/\/www.enteratever.com\/2023\/wp-json\/wp\/v2\/users\/2"}],"replies":[{"embeddable":true,"href":"https:\/\/www.enteratever.com\/2023\/wp-json\/wp\/v2\/comments?post=226066"}],"version-history":[{"count":1,"href":"https:\/\/www.enteratever.com\/2023\/wp-json\/wp\/v2\/posts\/226066\/revisions"}],"predecessor-version":[{"id":226069,"href":"https:\/\/www.enteratever.com\/2023\/wp-json\/wp\/v2\/posts\/226066\/revisions\/226069"}],"wp:featuredmedia":[{"embeddable":true,"href":"https:\/\/www.enteratever.com\/2023\/wp-json\/wp\/v2\/media\/226067"}],"wp:attachment":[{"href":"https:\/\/www.enteratever.com\/2023\/wp-json\/wp\/v2\/media?parent=226066"}],"wp:term":[{"taxonomy":"category","embeddable":true,"href":"https:\/\/www.enteratever.com\/2023\/wp-json\/wp\/v2\/categories?post=226066"},{"taxonomy":"post_tag","embeddable":true,"href":"https:\/\/www.enteratever.com\/2023\/wp-json\/wp\/v2\/tags?post=226066"}],"curies":[{"name":"wp","href":"https:\/\/api.w.org\/{rel}","templated":true}]}}