{"id":225641,"date":"2025-05-02T09:01:27","date_gmt":"2025-05-02T15:01:27","guid":{"rendered":"https:\/\/www.enteratever.com\/2023\/?p=225641"},"modified":"2025-05-02T09:01:27","modified_gmt":"2025-05-02T15:01:27","slug":"conmemoran-el-dia-del-trabajo-con-desfile-multitudinario-en-coatzacoalcos","status":"publish","type":"post","link":"https:\/\/www.enteratever.com\/2023\/2025\/05\/02\/conmemoran-el-dia-del-trabajo-con-desfile-multitudinario-en-coatzacoalcos\/","title":{"rendered":"Conmemoran el D\u00eda del Trabajo con desfile multitudinario en Coatzacoalcos"},"content":{"rendered":"<p>Visitas: 2<\/p><p>En un ambiente de respeto y reconocimiento a la clase trabajadora, se llev\u00f3 a cabo el desfile conmemorativo por el D\u00eda del Trabajo en el municipio de Coatzacoalcos, evento en el que participaron autoridades educativas, civiles, militares y sindicales, reafirmando el valor del trabajo digno como pilar del desarrollo social y econ\u00f3mico.<\/p>\n<p>Cerca de 4 mil trabajadores marcharon con orgullo sobre el malec\u00f3n costero, representando a diversos sindicatos como el SNTE secci\u00f3n 32 y 56, SUEM, SUTERM, SNTEA, SITICATVER, SIATEM, GNTE, SUTITESCO, SITITESCO y SUITCOBEAEV.<\/p>\n<p>La participaci\u00f3n de estas organizaciones sindicales fue muestra del compromiso de los trabajadores con la defensa de sus derechos laborales y la construcci\u00f3n de un mejor futuro para sus agremiados y sus familias.<\/p>\n<p>El acto dio inicio con el solemne izamiento de la bandera nacional, seguido de los contingentes de trabajadores que desfilaron portando pancartas, uniformes y mensajes que recordaron la importancia de la lucha sindical en la historia del pa\u00eds.<\/p>\n<p>Durante la ceremonia, se rindi\u00f3 homenaje a las conquistas laborales alcanzadas a lo largo del tiempo, as\u00ed como a las leg\u00edtimas demandas que a\u00fan persisten en diversos sectores productivos.<\/p>\n<p>Este evento no s\u00f3lo fue una conmemoraci\u00f3n de la hist\u00f3rica lucha por los derechos laborales, sino tambi\u00e9n un llamado a fortalecer la solidaridad, la justicia social y la equidad en todos los \u00e1mbitos de la vida laboral.<\/p>\n<p>La conmemoraci\u00f3n del 1 de mayo en Coatzacoalcos se consolid\u00f3 como un espacio de reflexi\u00f3n colectiva y reconocimiento a quienes d\u00eda con d\u00eda aportan con su esfuerzo al crecimiento del pa\u00eds.<\/p>\n<p>\u2014\u2014\u2014\u2014\u2014\u2014\u2014\u2014<\/p>\n","protected":false},"excerpt":{"rendered":"<p>Visitas: 2En un ambiente de respeto y reconocimiento a la clase trabajadora, se llev\u00f3 a cabo el desfile conmemorativo por el D\u00eda del Trabajo en el municipio de Coatzacoalcos, evento en el que participaron autoridades educativas, civiles, militares y sindicales, reafirmando el valor del trabajo digno como pilar del desarrollo social y econ\u00f3mico. Cerca de [&hellip;]<\/p>\n","protected":false},"author":2,"featured_media":225642,"comment_status":"open","ping_status":"open","sticky":false,"template":"","format":"standard","meta":{"footnotes":""},"categories":[242,241],"tags":[],"class_list":{"0":"post-225641","1":"post","2":"type-post","3":"status-publish","4":"format-standard","5":"has-post-thumbnail","7":"category-coatzacoalcos","8":"category-zona-sur"},"nelio_content":{"isAutoShareEnabled":true,"autoShareEndMode":"never","automationSources":{"useCustomSentences":false,"customSentences":[]},"followers":[2],"suggestedReferences":[],"efiUrl":"","efiAlt":"","highlights":[],"permalinkQueryArgs":[],"series":[]},"_links":{"self":[{"href":"https:\/\/www.enteratever.com\/2023\/wp-json\/wp\/v2\/posts\/225641","targetHints":{"allow":["GET"]}}],"collection":[{"href":"https:\/\/www.enteratever.com\/2023\/wp-json\/wp\/v2\/posts"}],"about":[{"href":"https:\/\/www.enteratever.com\/2023\/wp-json\/wp\/v2\/types\/post"}],"author":[{"embeddable":true,"href":"https:\/\/www.enteratever.com\/2023\/wp-json\/wp\/v2\/users\/2"}],"replies":[{"embeddable":true,"href":"https:\/\/www.enteratever.com\/2023\/wp-json\/wp\/v2\/comments?post=225641"}],"version-history":[{"count":1,"href":"https:\/\/www.enteratever.com\/2023\/wp-json\/wp\/v2\/posts\/225641\/revisions"}],"predecessor-version":[{"id":225643,"href":"https:\/\/www.enteratever.com\/2023\/wp-json\/wp\/v2\/posts\/225641\/revisions\/225643"}],"wp:featuredmedia":[{"embeddable":true,"href":"https:\/\/www.enteratever.com\/2023\/wp-json\/wp\/v2\/media\/225642"}],"wp:attachment":[{"href":"https:\/\/www.enteratever.com\/2023\/wp-json\/wp\/v2\/media?parent=225641"}],"wp:term":[{"taxonomy":"category","embeddable":true,"href":"https:\/\/www.enteratever.com\/2023\/wp-json\/wp\/v2\/categories?post=225641"},{"taxonomy":"post_tag","embeddable":true,"href":"https:\/\/www.enteratever.com\/2023\/wp-json\/wp\/v2\/tags?post=225641"}],"curies":[{"name":"wp","href":"https:\/\/api.w.org\/{rel}","templated":true}]}}