{"id":225293,"date":"2025-04-24T14:17:28","date_gmt":"2025-04-24T20:17:28","guid":{"rendered":"https:\/\/www.enteratever.com\/2023\/?p=225293"},"modified":"2025-04-24T14:49:26","modified_gmt":"2025-04-24T20:49:26","slug":"se-reunen-autoridades-municipales-y-dirigentes-sindicales-para-coordinacion-del-desfile-por-el-dia-del-trabajo","status":"publish","type":"post","link":"https:\/\/www.enteratever.com\/2023\/2025\/04\/24\/se-reunen-autoridades-municipales-y-dirigentes-sindicales-para-coordinacion-del-desfile-por-el-dia-del-trabajo\/","title":{"rendered":"Se re\u00fanen autoridades municipales y dirigentes sindicales para coordinaci\u00f3n del desfile por el d\u00eda del Trabajo"},"content":{"rendered":"<p>Visitas: 2<\/p><p>Se informa que autoridades municipales y dirigentes sindicales se reunieron a fin de coordinar la log\u00edstica para el desarrollo del desfile conmemorativo por el 139 aniversario del D\u00eda del Trabajo el pr\u00f3ximo 01 de mayo.<\/p>\n<p>La conmemoraci\u00f3n comenzar\u00e1 a las 9:00 horas con los honores e izamiento a la Bandera en la explanada del Palacio Municipal, el acto c\u00edvico estar\u00e1 a cargo de personal sindical del Ayuntamiento adscrito a la CROC.<\/p>\n<p>Posteriormente a las 9:30 horas se trasladar\u00e1n al monumento de Francisco I. Madero situado en el parque Madero para el dep\u00f3sito de ofrenda floral. Para las 10:00 de la ma\u00f1ana dar\u00e1 inicio del desfile que saldr\u00e1 de la avenida 1 y calle 13, subiendo hasta la calle 4 y para bajar por la avenida 3.<\/p>\n<p>Durante la reuni\u00f3n, participaron la direcci\u00f3n de Educaci\u00f3n, Cultura y Deporte, la coordinaci\u00f3n de Protecci\u00f3n Civil, la direcci\u00f3n de Tr\u00e1nsito, Movilidad y Seguridad Vial, y representantes sindicales de la CROC, SNTE secci\u00f3n 56 y 32, CTM y Telefonistas.<\/p>\n<p>Para garantizar el desarrollo oportuno del desfile, la coordinaci\u00f3n de Protecci\u00f3n Civil inform\u00f3 que se instalar\u00e1 un m\u00f3dulo con el apoyo de Cruz Roja para atender cualquier situaci\u00f3n que afecte a la salud como golpe de calor, mientras que los agentes viales estar\u00e1n apoyando abanderando la vialidad.<\/p>\n<p>El D\u00eda del Trabajo, se celebra el 1 de mayo, fecha que simboliza la defensa de los derechos laborales y la lucha por condiciones dignas. Adem\u00e1s, es un d\u00eda de descanso obligatorio en M\u00e9xico, resaltando su importancia en la historia del pa\u00eds.<\/p>\n","protected":false},"excerpt":{"rendered":"<p>Visitas: 2Se informa que autoridades municipales y dirigentes sindicales se reunieron a fin de coordinar la log\u00edstica para el desarrollo del desfile conmemorativo por el 139 aniversario del D\u00eda del Trabajo el pr\u00f3ximo 01 de mayo. La conmemoraci\u00f3n comenzar\u00e1 a las 9:00 horas con los honores e izamiento a la Bandera en la explanada del [&hellip;]<\/p>\n","protected":false},"author":2,"featured_media":225294,"comment_status":"open","ping_status":"open","sticky":false,"template":"","format":"standard","meta":{"footnotes":""},"categories":[239,236],"tags":[],"class_list":{"0":"post-225293","1":"post","2":"type-post","3":"status-publish","4":"format-standard","5":"has-post-thumbnail","7":"category-cordoba","8":"category-zona-centro"},"nelio_content":{"isAutoShareEnabled":true,"autoShareEndMode":"never","automationSources":{"useCustomSentences":false,"customSentences":[]},"followers":[2],"suggestedReferences":[],"efiUrl":"","efiAlt":"","highlights":[],"permalinkQueryArgs":[],"series":[]},"_links":{"self":[{"href":"https:\/\/www.enteratever.com\/2023\/wp-json\/wp\/v2\/posts\/225293","targetHints":{"allow":["GET"]}}],"collection":[{"href":"https:\/\/www.enteratever.com\/2023\/wp-json\/wp\/v2\/posts"}],"about":[{"href":"https:\/\/www.enteratever.com\/2023\/wp-json\/wp\/v2\/types\/post"}],"author":[{"embeddable":true,"href":"https:\/\/www.enteratever.com\/2023\/wp-json\/wp\/v2\/users\/2"}],"replies":[{"embeddable":true,"href":"https:\/\/www.enteratever.com\/2023\/wp-json\/wp\/v2\/comments?post=225293"}],"version-history":[{"count":1,"href":"https:\/\/www.enteratever.com\/2023\/wp-json\/wp\/v2\/posts\/225293\/revisions"}],"predecessor-version":[{"id":225295,"href":"https:\/\/www.enteratever.com\/2023\/wp-json\/wp\/v2\/posts\/225293\/revisions\/225295"}],"wp:featuredmedia":[{"embeddable":true,"href":"https:\/\/www.enteratever.com\/2023\/wp-json\/wp\/v2\/media\/225294"}],"wp:attachment":[{"href":"https:\/\/www.enteratever.com\/2023\/wp-json\/wp\/v2\/media?parent=225293"}],"wp:term":[{"taxonomy":"category","embeddable":true,"href":"https:\/\/www.enteratever.com\/2023\/wp-json\/wp\/v2\/categories?post=225293"},{"taxonomy":"post_tag","embeddable":true,"href":"https:\/\/www.enteratever.com\/2023\/wp-json\/wp\/v2\/tags?post=225293"}],"curies":[{"name":"wp","href":"https:\/\/api.w.org\/{rel}","templated":true}]}}