{"id":225178,"date":"2025-04-22T09:15:28","date_gmt":"2025-04-22T15:15:28","guid":{"rendered":"https:\/\/www.enteratever.com\/2023\/?p=225178"},"modified":"2025-04-22T09:15:28","modified_gmt":"2025-04-22T15:15:28","slug":"reconoce-amado-cruz-malpica-heroismo-de-la-armada-de-mexico","status":"publish","type":"post","link":"https:\/\/www.enteratever.com\/2023\/2025\/04\/22\/reconoce-amado-cruz-malpica-heroismo-de-la-armada-de-mexico\/","title":{"rendered":"Reconoce Amado Cruz Malpica hero\u00edsmo de la Armada de M\u00e9xico"},"content":{"rendered":"<p>Visitas: 2<\/p><p>El presidente municipal, Amado Cruz Malpica, acudi\u00f3 a la conmemoraci\u00f3n del 111 Aniversario de la Gesta Heroica del Puerto de Veracruz del 21 de abril de 1914, donde reconoci\u00f3 a la Armada de M\u00e9xico como una instituci\u00f3n garante de valores y soberan\u00eda en nuestro pa\u00eds.<\/p>\n<p>Durante el evento que se llev\u00f3 a cabo la ma\u00f1ana de este lunes en las instalaciones del Astillero de Marina, el alcalde la destac\u00f3 como una corporaci\u00f3n con un esp\u00edritu de sacrificio en la cual hombres y mujeres dieron la vida en defensa del suelo de nuestra patria.<\/p>\n<p>El comandante de la Tercera Zona Naval, Jes\u00fas Arellano Rodarte, ley\u00f3 el mensaje del secretario de Marina, Raymundo Pedro Morales \u00c1ngeles, donde destac\u00f3 el patriotismo y valor para proteger los intereses mar\u00edtimos nacionales, una Armada que potencia la seguridad en el mar, el aire y la tierra y que a su vez hace posible el desarrollo con bienestar y humanismo mexicano.<\/p>\n<p>Durante la ceremonia, el capit\u00e1n de Corbeta Aeron\u00e1utica Naval, Enrique Octavio Mercado Medrano, ley\u00f3 la rese\u00f1a hist\u00f3rica y el vicealmirante Jes\u00fas Arellano Rodarte dio lectura a la lista de h\u00e9roes de la escuela naval militar y del colegio militar.Se dio paso al toque de silencio de la banda de guerra y una salva de fusiler\u00eda.<\/p>\n<p>Las autoridades navales, militares y municipales efectuaron una guardia de honor en el Asta Bandera con un minuto de silencio para honrar a los h\u00e9roes de la patria.<\/p>\n<p>El alumno de la Escuela Secundaria T\u00e9cnica #19, Jonathan Montes, declam\u00f3 la poes\u00eda \u2018Heroica Escuela Naval 21 de Abril\u2019 del compositor mexicano Vicente L\u00f3pez Perea, acompa\u00f1ado de la banda de guerra de la Tercera Zona Naval y para finalizar, la Orquesta de M\u00fasica Popular del Ayuntamiento de Coatzacoalcos interpret\u00f3 \u2018Marinos Mexicanos\u2019, de Estanislao Garc\u00eda Espinoza.<\/p>\n<p>Estuvieron presentes el comandante de la 29 Zona Militar, Antonio Alejandro Ramos Arg\u00fcello; director de Asipona Coatzacoalcos, Mart\u00edn Zepeda Anguiano; jefe de Estado de Mayor de la Tercera Zona Naval, Ricardo Guti\u00e9rrez Ruvalcaba; comandante de la Base Aeronaval, Jes\u00fas Ernesto Villegas; capit\u00e1n de Puerto de Coatzacoalcos, Carlos Rojas Rodr\u00edguez, personal militar, naval y sociedad civil.<\/p>\n","protected":false},"excerpt":{"rendered":"<p>Visitas: 2El presidente municipal, Amado Cruz Malpica, acudi\u00f3 a la conmemoraci\u00f3n del 111 Aniversario de la Gesta Heroica del Puerto de Veracruz del 21 de abril de 1914, donde reconoci\u00f3 a la Armada de M\u00e9xico como una instituci\u00f3n garante de valores y soberan\u00eda en nuestro pa\u00eds. Durante el evento que se llev\u00f3 a cabo la [&hellip;]<\/p>\n","protected":false},"author":2,"featured_media":225179,"comment_status":"open","ping_status":"open","sticky":false,"template":"","format":"standard","meta":{"footnotes":""},"categories":[242,241],"tags":[],"class_list":{"0":"post-225178","1":"post","2":"type-post","3":"status-publish","4":"format-standard","5":"has-post-thumbnail","7":"category-coatzacoalcos","8":"category-zona-sur"},"nelio_content":{"isAutoShareEnabled":true,"autoShareEndMode":"never","automationSources":{"useCustomSentences":false,"customSentences":[]},"followers":[7,2],"suggestedReferences":[],"efiUrl":"","efiAlt":"","highlights":[],"permalinkQueryArgs":[],"series":[]},"_links":{"self":[{"href":"https:\/\/www.enteratever.com\/2023\/wp-json\/wp\/v2\/posts\/225178","targetHints":{"allow":["GET"]}}],"collection":[{"href":"https:\/\/www.enteratever.com\/2023\/wp-json\/wp\/v2\/posts"}],"about":[{"href":"https:\/\/www.enteratever.com\/2023\/wp-json\/wp\/v2\/types\/post"}],"author":[{"embeddable":true,"href":"https:\/\/www.enteratever.com\/2023\/wp-json\/wp\/v2\/users\/2"}],"replies":[{"embeddable":true,"href":"https:\/\/www.enteratever.com\/2023\/wp-json\/wp\/v2\/comments?post=225178"}],"version-history":[{"count":1,"href":"https:\/\/www.enteratever.com\/2023\/wp-json\/wp\/v2\/posts\/225178\/revisions"}],"predecessor-version":[{"id":225182,"href":"https:\/\/www.enteratever.com\/2023\/wp-json\/wp\/v2\/posts\/225178\/revisions\/225182"}],"wp:featuredmedia":[{"embeddable":true,"href":"https:\/\/www.enteratever.com\/2023\/wp-json\/wp\/v2\/media\/225179"}],"wp:attachment":[{"href":"https:\/\/www.enteratever.com\/2023\/wp-json\/wp\/v2\/media?parent=225178"}],"wp:term":[{"taxonomy":"category","embeddable":true,"href":"https:\/\/www.enteratever.com\/2023\/wp-json\/wp\/v2\/categories?post=225178"},{"taxonomy":"post_tag","embeddable":true,"href":"https:\/\/www.enteratever.com\/2023\/wp-json\/wp\/v2\/tags?post=225178"}],"curies":[{"name":"wp","href":"https:\/\/api.w.org\/{rel}","templated":true}]}}