{"id":223713,"date":"2025-03-12T13:09:36","date_gmt":"2025-03-12T19:09:36","guid":{"rendered":"https:\/\/www.enteratever.com\/2023\/?p=223713"},"modified":"2025-03-12T13:09:36","modified_gmt":"2025-03-12T19:09:36","slug":"carmen-medel-sostiene-reunion-con-representantes-de-la-cfe-para-mejoras-en-el-servicio-en-minatitlan","status":"publish","type":"post","link":"https:\/\/www.enteratever.com\/2023\/2025\/03\/12\/carmen-medel-sostiene-reunion-con-representantes-de-la-cfe-para-mejoras-en-el-servicio-en-minatitlan\/","title":{"rendered":"Carmen Medel sostiene reuni\u00f3n con representantes de la CFE para mejoras en el servicio en Minatitl\u00e1n"},"content":{"rendered":"<p>Visitas: 21<\/p><p>Minatitl\u00e1n, Ver. \u2013 La Presidenta Municipal de Minatitl\u00e1n, Dra. Carmen Medel Palma, sostuvo una importante mesa de trabajo con representantes de la Comisi\u00f3n Federal de Electricidad (CFE), donde se acord\u00f3 estrechar la colaboraci\u00f3n para el bienestar de las familias de Minatitl\u00e1n y mejorar los servicios en la regi\u00f3n.<\/p>\n<p>En la reuni\u00f3n estuvieron presentes la Lic. Paola Dom\u00ednguez Contreras, Responsable del Departamento de Servicio y Atenci\u00f3n al Cliente de la zona Coatzacoalcos, y el Ing. Manuel Espinoza Lagunes, Responsable de la Oficina de Operaci\u00f3n de Centros de Atenci\u00f3n. Durante el encuentro, se abordaron diversas acciones y estrategias para optimizar el servicio el\u00e9ctrico en el municipio, as\u00ed como para resolver de manera m\u00e1s eficiente cualquier incidencia que pudiera afectar a los habitantes de Minatitl\u00e1n.<\/p>\n<p>La Dra. Carmen Medel destac\u00f3 la importancia de este tipo de reuniones, pues refuerzan el compromiso de su administraci\u00f3n de trabajar de la mano con las instituciones federales para brindar un mejor servicio a la ciudadan\u00eda y mejorar su calidad de vida.<\/p>\n","protected":false},"excerpt":{"rendered":"<p>Visitas: 21Minatitl\u00e1n, Ver. \u2013 La Presidenta Municipal de Minatitl\u00e1n, Dra. Carmen Medel Palma, sostuvo una importante mesa de trabajo con representantes de la Comisi\u00f3n Federal de Electricidad (CFE), donde se acord\u00f3 estrechar la colaboraci\u00f3n para el bienestar de las familias de Minatitl\u00e1n y mejorar los servicios en la regi\u00f3n. En la reuni\u00f3n estuvieron presentes la [&hellip;]<\/p>\n","protected":false},"author":2,"featured_media":223714,"comment_status":"open","ping_status":"open","sticky":false,"template":"","format":"standard","meta":{"footnotes":""},"categories":[243,241],"tags":[],"class_list":{"0":"post-223713","1":"post","2":"type-post","3":"status-publish","4":"format-standard","5":"has-post-thumbnail","7":"category-minatitlan","8":"category-zona-sur"},"nelio_content":{"isAutoShareEnabled":true,"autoShareEndMode":"never","automationSources":{"useCustomSentences":false,"customSentences":[]},"followers":[7,2],"suggestedReferences":[],"efiUrl":"","efiAlt":"","highlights":[],"permalinkQueryArgs":[],"series":[]},"_links":{"self":[{"href":"https:\/\/www.enteratever.com\/2023\/wp-json\/wp\/v2\/posts\/223713","targetHints":{"allow":["GET"]}}],"collection":[{"href":"https:\/\/www.enteratever.com\/2023\/wp-json\/wp\/v2\/posts"}],"about":[{"href":"https:\/\/www.enteratever.com\/2023\/wp-json\/wp\/v2\/types\/post"}],"author":[{"embeddable":true,"href":"https:\/\/www.enteratever.com\/2023\/wp-json\/wp\/v2\/users\/2"}],"replies":[{"embeddable":true,"href":"https:\/\/www.enteratever.com\/2023\/wp-json\/wp\/v2\/comments?post=223713"}],"version-history":[{"count":1,"href":"https:\/\/www.enteratever.com\/2023\/wp-json\/wp\/v2\/posts\/223713\/revisions"}],"predecessor-version":[{"id":223715,"href":"https:\/\/www.enteratever.com\/2023\/wp-json\/wp\/v2\/posts\/223713\/revisions\/223715"}],"wp:featuredmedia":[{"embeddable":true,"href":"https:\/\/www.enteratever.com\/2023\/wp-json\/wp\/v2\/media\/223714"}],"wp:attachment":[{"href":"https:\/\/www.enteratever.com\/2023\/wp-json\/wp\/v2\/media?parent=223713"}],"wp:term":[{"taxonomy":"category","embeddable":true,"href":"https:\/\/www.enteratever.com\/2023\/wp-json\/wp\/v2\/categories?post=223713"},{"taxonomy":"post_tag","embeddable":true,"href":"https:\/\/www.enteratever.com\/2023\/wp-json\/wp\/v2\/tags?post=223713"}],"curies":[{"name":"wp","href":"https:\/\/api.w.org\/{rel}","templated":true}]}}