{"id":223710,"date":"2025-03-12T13:01:51","date_gmt":"2025-03-12T19:01:51","guid":{"rendered":"https:\/\/www.enteratever.com\/2023\/?p=223710"},"modified":"2025-03-12T13:01:51","modified_gmt":"2025-03-12T19:01:51","slug":"gobierno-de-minatitlan-envia-mas-de-15-toneladas-de-llantas-a-lagunas-oaxaca-para-su-disposicion-final","status":"publish","type":"post","link":"https:\/\/www.enteratever.com\/2023\/2025\/03\/12\/gobierno-de-minatitlan-envia-mas-de-15-toneladas-de-llantas-a-lagunas-oaxaca-para-su-disposicion-final\/","title":{"rendered":"Gobierno de Minatitl\u00e1n env\u00eda m\u00e1s de 15 toneladas de llantas a Lagunas, Oaxaca, para su disposici\u00f3n final"},"content":{"rendered":"<p>Visitas: 3<\/p><p>Minatitl\u00e1n, Ver. \u2013 El Gobierno Municipal de Minatitl\u00e1n, presidido por la Dra. Carmen Medel Palma, llev\u00f3 a cabo el env\u00edo de m\u00e1s de 15 toneladas de llantas a la cementera La Cruz Azul, ubicada en Lagunas, Oaxaca.<\/p>\n<p>Esta acci\u00f3n forma parte de la campa\u00f1a permanente para el manejo adecuado de neum\u00e1ticos, en la que el municipio cuenta con un centro de acopio destinado a evitar que estos residuos queden en las calles, asegurando su disposici\u00f3n final mediante el co-procesamiento.<\/p>\n<p>El Ing. Jorge David Palavicini Rodr\u00edguez, Director de Medio Ambiente y Sustentabilidad, subray\u00f3 la relevancia de esta iniciativa para mitigar el impacto ambiental que generan los neum\u00e1ticos cuando no se gestionan correctamente. <\/p>\n<p>Con acciones como esta, el Gobierno Municipal de Minatitl\u00e1n reafirma su compromiso con la protecci\u00f3n del entorno, promoviendo pr\u00e1cticas responsables en la gesti\u00f3n de residuos y buscando soluciones sostenibles para la comunidad.<\/p>\n","protected":false},"excerpt":{"rendered":"<p>Visitas: 3Minatitl\u00e1n, Ver. \u2013 El Gobierno Municipal de Minatitl\u00e1n, presidido por la Dra. Carmen Medel Palma, llev\u00f3 a cabo el env\u00edo de m\u00e1s de 15 toneladas de llantas a la cementera La Cruz Azul, ubicada en Lagunas, Oaxaca. Esta acci\u00f3n forma parte de la campa\u00f1a permanente para el manejo adecuado de neum\u00e1ticos, en la que [&hellip;]<\/p>\n","protected":false},"author":2,"featured_media":223711,"comment_status":"open","ping_status":"open","sticky":false,"template":"","format":"standard","meta":{"footnotes":""},"categories":[243,241],"tags":[],"class_list":{"0":"post-223710","1":"post","2":"type-post","3":"status-publish","4":"format-standard","5":"has-post-thumbnail","7":"category-minatitlan","8":"category-zona-sur"},"nelio_content":{"isAutoShareEnabled":true,"autoShareEndMode":"never","automationSources":{"useCustomSentences":false,"customSentences":[]},"followers":[7,2],"suggestedReferences":[],"efiUrl":"","efiAlt":"","highlights":[],"permalinkQueryArgs":[],"series":[]},"_links":{"self":[{"href":"https:\/\/www.enteratever.com\/2023\/wp-json\/wp\/v2\/posts\/223710","targetHints":{"allow":["GET"]}}],"collection":[{"href":"https:\/\/www.enteratever.com\/2023\/wp-json\/wp\/v2\/posts"}],"about":[{"href":"https:\/\/www.enteratever.com\/2023\/wp-json\/wp\/v2\/types\/post"}],"author":[{"embeddable":true,"href":"https:\/\/www.enteratever.com\/2023\/wp-json\/wp\/v2\/users\/2"}],"replies":[{"embeddable":true,"href":"https:\/\/www.enteratever.com\/2023\/wp-json\/wp\/v2\/comments?post=223710"}],"version-history":[{"count":1,"href":"https:\/\/www.enteratever.com\/2023\/wp-json\/wp\/v2\/posts\/223710\/revisions"}],"predecessor-version":[{"id":223712,"href":"https:\/\/www.enteratever.com\/2023\/wp-json\/wp\/v2\/posts\/223710\/revisions\/223712"}],"wp:featuredmedia":[{"embeddable":true,"href":"https:\/\/www.enteratever.com\/2023\/wp-json\/wp\/v2\/media\/223711"}],"wp:attachment":[{"href":"https:\/\/www.enteratever.com\/2023\/wp-json\/wp\/v2\/media?parent=223710"}],"wp:term":[{"taxonomy":"category","embeddable":true,"href":"https:\/\/www.enteratever.com\/2023\/wp-json\/wp\/v2\/categories?post=223710"},{"taxonomy":"post_tag","embeddable":true,"href":"https:\/\/www.enteratever.com\/2023\/wp-json\/wp\/v2\/tags?post=223710"}],"curies":[{"name":"wp","href":"https:\/\/api.w.org\/{rel}","templated":true}]}}