{"id":223503,"date":"2025-03-06T12:35:01","date_gmt":"2025-03-06T18:35:01","guid":{"rendered":"https:\/\/www.enteratever.com\/2023\/?p=223503"},"modified":"2025-03-06T12:35:01","modified_gmt":"2025-03-06T18:35:01","slug":"invita-coordinacion-de-educacion-a-talleres-infantiles-en-la-biblioteca-luis-sainz-lopez-negrete","status":"publish","type":"post","link":"https:\/\/www.enteratever.com\/2023\/2025\/03\/06\/invita-coordinacion-de-educacion-a-talleres-infantiles-en-la-biblioteca-luis-sainz-lopez-negrete\/","title":{"rendered":"Invita coordinaci\u00f3n de Educaci\u00f3n a talleres infantiles en la biblioteca \u201cLuis Sainz L\u00f3pez Negrete\u201d"},"content":{"rendered":"<p>Visitas: 0<\/p><p>Ampliando las actividades l\u00fadicas y recreativas para las y los ciudadanos que acuden a las bibliotecas municipales, la coordinaci\u00f3n de Educaci\u00f3n apertura para los ni\u00f1os de 7 a 10 a\u00f1os los talleres de ingl\u00e9s b\u00e1sico y yoga literaria en la biblioteca municipal \u201cLuis Sainz L\u00f3pez Negrete\u201d.<\/p>\n<p>Miriam Guadalupe N\u00fa\u00f1ez Cardoso, coordinadora de Educaci\u00f3n, dijo que todas las bibliotecas municipales cuentan con un plan mensual en el que van anexando actividades temporales o extras dependiendo de las necesidades en cada uno de sus espacios, \u201cesto tiene que ver con el n\u00famero de estad\u00edsticas de derechohabiente y las edades de las personas que visitan la biblioteca\u201d.<\/p>\n<p>Por ello, a partir del 11 de marzo, en la biblioteca municipal \u201cLuis Sainz L\u00f3pez Negrete\u201d dar\u00e1n inicio con el taller de ingl\u00e9s b\u00e1sico para ni\u00f1os de 7 a 10 a\u00f1os de edad, que ofrecer\u00e1 los d\u00edas martes y mi\u00e9rcoles de 4:00 a 5:30 de la tarde. Las fechas de inscripci\u00f3n ser\u00e1n del d\u00eda 06 y hasta el 10 de marzo, y tendr\u00e1 un cupo limitado.<\/p>\n<p>De igual manera, en el mismo espacio municipal, se abrir\u00e1 la actividad de yoga literaria impartida por la Lic. Nicole Michel V\u00e9lez, los d\u00edas viernes a partir del 21 de marzo en horario de 4:30 de la tarde, este estar\u00e1 dirigido a ni\u00f1os de 7 a 10 a\u00f1os edad.<\/p>\n<p>La funcionaria aclar\u00f3 que, las cinco bibliotecas del municipio cuentan con actividades permanentes pero cada una puede ir anexando actividades, \u201cestas actividades se sustentan de acuerdo a la Direcci\u00f3n General de Bibliotecas a nivel estatal y regional donde les proporcionan capacitaciones virtuales y a su vez les env\u00edan estrategias pedag\u00f3gicas y actividades para que ellos puedan implementarlas seg\u00fan lo que vayan necesitando en cada una de estos centros y espacios de estudio para recreaci\u00f3n\u201d, afirm\u00f3.<\/p>\n<p>Finaliz\u00f3, invitando al p\u00fablico en general en acudir, a los programas de la hora del cuento de lunes a viernes de 4:30 a 5:30 en la biblioteca municipal \u201cLuis Sainz L\u00f3pez Negrete\u201d, y el cineclub los jueves a las 6:00 de la tarde para el p\u00fablico adulto y los viernes para los ni\u00f1os a las 5:00 de la tarde en la \u201cSala Z\u201d ubicada a un costado de la biblioteca del centro.<\/p>\n","protected":false},"excerpt":{"rendered":"<p>Visitas: 0Ampliando las actividades l\u00fadicas y recreativas para las y los ciudadanos que acuden a las bibliotecas municipales, la coordinaci\u00f3n de Educaci\u00f3n apertura para los ni\u00f1os de 7 a 10 a\u00f1os los talleres de ingl\u00e9s b\u00e1sico y yoga literaria en la biblioteca municipal \u201cLuis Sainz L\u00f3pez Negrete\u201d. Miriam Guadalupe N\u00fa\u00f1ez Cardoso, coordinadora de Educaci\u00f3n, dijo [&hellip;]<\/p>\n","protected":false},"author":2,"featured_media":223504,"comment_status":"open","ping_status":"open","sticky":false,"template":"","format":"standard","meta":{"footnotes":""},"categories":[239,236],"tags":[],"class_list":{"0":"post-223503","1":"post","2":"type-post","3":"status-publish","4":"format-standard","5":"has-post-thumbnail","7":"category-cordoba","8":"category-zona-centro"},"nelio_content":{"isAutoShareEnabled":true,"autoShareEndMode":"never","automationSources":{"useCustomSentences":false,"customSentences":[]},"followers":[7,2],"suggestedReferences":[],"efiUrl":"","efiAlt":"","highlights":[],"permalinkQueryArgs":[],"series":[]},"_links":{"self":[{"href":"https:\/\/www.enteratever.com\/2023\/wp-json\/wp\/v2\/posts\/223503","targetHints":{"allow":["GET"]}}],"collection":[{"href":"https:\/\/www.enteratever.com\/2023\/wp-json\/wp\/v2\/posts"}],"about":[{"href":"https:\/\/www.enteratever.com\/2023\/wp-json\/wp\/v2\/types\/post"}],"author":[{"embeddable":true,"href":"https:\/\/www.enteratever.com\/2023\/wp-json\/wp\/v2\/users\/2"}],"replies":[{"embeddable":true,"href":"https:\/\/www.enteratever.com\/2023\/wp-json\/wp\/v2\/comments?post=223503"}],"version-history":[{"count":1,"href":"https:\/\/www.enteratever.com\/2023\/wp-json\/wp\/v2\/posts\/223503\/revisions"}],"predecessor-version":[{"id":223505,"href":"https:\/\/www.enteratever.com\/2023\/wp-json\/wp\/v2\/posts\/223503\/revisions\/223505"}],"wp:featuredmedia":[{"embeddable":true,"href":"https:\/\/www.enteratever.com\/2023\/wp-json\/wp\/v2\/media\/223504"}],"wp:attachment":[{"href":"https:\/\/www.enteratever.com\/2023\/wp-json\/wp\/v2\/media?parent=223503"}],"wp:term":[{"taxonomy":"category","embeddable":true,"href":"https:\/\/www.enteratever.com\/2023\/wp-json\/wp\/v2\/categories?post=223503"},{"taxonomy":"post_tag","embeddable":true,"href":"https:\/\/www.enteratever.com\/2023\/wp-json\/wp\/v2\/tags?post=223503"}],"curies":[{"name":"wp","href":"https:\/\/api.w.org\/{rel}","templated":true}]}}