{"id":223243,"date":"2025-02-27T13:17:00","date_gmt":"2025-02-27T19:17:00","guid":{"rendered":"https:\/\/www.enteratever.com\/2023\/?p=223243"},"modified":"2025-02-27T13:17:00","modified_gmt":"2025-02-27T19:17:00","slug":"carmen-medel-palma-inaugura-domo-de-usos-multiples-de-la-primaria-mexico","status":"publish","type":"post","link":"https:\/\/www.enteratever.com\/2023\/2025\/02\/27\/carmen-medel-palma-inaugura-domo-de-usos-multiples-de-la-primaria-mexico\/","title":{"rendered":"Carmen Medel Palma inaugura Domo de Usos M\u00faltiples de la Primaria M\u00e9xico"},"content":{"rendered":"<p>Visitas: 1<\/p><p>Minatitl\u00e1n, Ver.- Para el Gobierno de la Presidenta Municipal, Carmen Medel Palma, es prioridad mantener los espacios educativos en \u00f3ptimas condiciones para los estudiantes, asegurando que tengan un entorno adecuado para su desarrollo. En este contexto, la alcaldesa inaugur\u00f3 el Domo de Usos M\u00faltiples de la Escuela Primaria M\u00e9xico, ubicada en la calle Carlos A. Madrazo, entre las calles Francisco Zarco y Leandro Valle, en la colonia Sector Framboy\u00e1n.<\/p>\n<p>Esta obra, realizada con recursos del FAISMUN 2024, cont\u00f3 con una inversi\u00f3n superior a los 2 millones 200 mil pesos y beneficiar\u00e1 a m\u00e1s de 1,500 alumnos y al personal educativo de la instituci\u00f3n. La construcci\u00f3n del domo representa un importante avance para la comunidad escolar, pues brinda un espacio adecuado y seguro para la realizaci\u00f3n de actividades c\u00edvicas, deportivas y art\u00edsticas.<\/p>\n<p>La Dra. Carmen Medel Palma resalt\u00f3 que, con la implementaci\u00f3n de esta obra, se brindar\u00e1 a los alumnos un lugar donde podr\u00e1n llevar a cabo sus actividades sin que las condiciones clim\u00e1ticas sean un impedimento. Adem\u00e1s, destac\u00f3 que, con la construcci\u00f3n de rampas para personas con discapacidad, el espacio se adapta para ser accesible para todos los integrantes de la comunidad educativa.<\/p>\n<p>Los alumnos, padres de familia y directivos de la escuela agradecieron el esfuerzo del Gobierno Municipal y expresaron su satisfacci\u00f3n por la mejora significativa en las instalaciones educativas.<\/p>\n","protected":false},"excerpt":{"rendered":"<p>Visitas: 1Minatitl\u00e1n, Ver.- Para el Gobierno de la Presidenta Municipal, Carmen Medel Palma, es prioridad mantener los espacios educativos en \u00f3ptimas condiciones para los estudiantes, asegurando que tengan un entorno adecuado para su desarrollo. En este contexto, la alcaldesa inaugur\u00f3 el Domo de Usos M\u00faltiples de la Escuela Primaria M\u00e9xico, ubicada en la calle Carlos [&hellip;]<\/p>\n","protected":false},"author":2,"featured_media":223244,"comment_status":"open","ping_status":"open","sticky":false,"template":"","format":"standard","meta":{"footnotes":""},"categories":[243,241],"tags":[],"class_list":{"0":"post-223243","1":"post","2":"type-post","3":"status-publish","4":"format-standard","5":"has-post-thumbnail","7":"category-minatitlan","8":"category-zona-sur"},"nelio_content":{"isAutoShareEnabled":true,"autoShareEndMode":"never","automationSources":{"useCustomSentences":false,"customSentences":[]},"followers":[7,2],"suggestedReferences":[],"efiUrl":"","efiAlt":"","highlights":[],"permalinkQueryArgs":[],"series":[]},"_links":{"self":[{"href":"https:\/\/www.enteratever.com\/2023\/wp-json\/wp\/v2\/posts\/223243","targetHints":{"allow":["GET"]}}],"collection":[{"href":"https:\/\/www.enteratever.com\/2023\/wp-json\/wp\/v2\/posts"}],"about":[{"href":"https:\/\/www.enteratever.com\/2023\/wp-json\/wp\/v2\/types\/post"}],"author":[{"embeddable":true,"href":"https:\/\/www.enteratever.com\/2023\/wp-json\/wp\/v2\/users\/2"}],"replies":[{"embeddable":true,"href":"https:\/\/www.enteratever.com\/2023\/wp-json\/wp\/v2\/comments?post=223243"}],"version-history":[{"count":1,"href":"https:\/\/www.enteratever.com\/2023\/wp-json\/wp\/v2\/posts\/223243\/revisions"}],"predecessor-version":[{"id":223245,"href":"https:\/\/www.enteratever.com\/2023\/wp-json\/wp\/v2\/posts\/223243\/revisions\/223245"}],"wp:featuredmedia":[{"embeddable":true,"href":"https:\/\/www.enteratever.com\/2023\/wp-json\/wp\/v2\/media\/223244"}],"wp:attachment":[{"href":"https:\/\/www.enteratever.com\/2023\/wp-json\/wp\/v2\/media?parent=223243"}],"wp:term":[{"taxonomy":"category","embeddable":true,"href":"https:\/\/www.enteratever.com\/2023\/wp-json\/wp\/v2\/categories?post=223243"},{"taxonomy":"post_tag","embeddable":true,"href":"https:\/\/www.enteratever.com\/2023\/wp-json\/wp\/v2\/tags?post=223243"}],"curies":[{"name":"wp","href":"https:\/\/api.w.org\/{rel}","templated":true}]}}