{"id":222975,"date":"2025-02-20T12:25:38","date_gmt":"2025-02-20T18:25:38","guid":{"rendered":"https:\/\/www.enteratever.com\/2023\/?p=222975"},"modified":"2025-02-20T12:25:38","modified_gmt":"2025-02-20T18:25:38","slug":"minatitlan-lleva-a-cabo-la-expo-universitaria-2025-por-tercer-ano-consecutivo","status":"publish","type":"post","link":"https:\/\/www.enteratever.com\/2023\/2025\/02\/20\/minatitlan-lleva-a-cabo-la-expo-universitaria-2025-por-tercer-ano-consecutivo\/","title":{"rendered":"Minatitl\u00e1n lleva a cabo la Expo Universitaria 2025 por tercer a\u00f1o consecutivo"},"content":{"rendered":"<p>Visitas: 3<\/p><p>Minatitl\u00e1n, Ver. \u2013 Por tercer a\u00f1o consecutivo, el municipio de Minatitl\u00e1n celebr\u00f3 con \u00e9xito la Expo Universitaria 2025, un evento organizado por el Gobierno Municipal, presidido por la Dra. Carmen Medel Palma, que reuni\u00f3 a m\u00e1s de 20 universidades en la Unidad Deportiva Benito Ju\u00e1rez. En esta ocasi\u00f3n, alumnos de diversas instituciones de educaci\u00f3n media superior tuvieron la oportunidad de conocer las ofertas educativas que cada universidad puede ofrecer.<\/p>\n<p>Medel Palma, al inaugurar la expo, inst\u00f3 a los j\u00f3venes a prepararse profesionalmente, subrayando que son el presente del pa\u00eds y que su futuro depende del esfuerzo y la preparaci\u00f3n que inviertan en su educaci\u00f3n. Agradeci\u00f3 a los directores y representantes de las universidades por su participaci\u00f3n, destacando la importancia de este tipo de eventos para dar a los estudiantes herramientas para tomar decisiones informadas sobre su futuro acad\u00e9mico.<\/p>\n<p>El evento fue convocado por la Jefatura de Impulso a la Juventud, a cargo del Ing. Jos\u00e9 Alfredo Jim\u00e9nez, quien tambi\u00e9n estuvo presente en la expo. Durante su intervenci\u00f3n, el Lic. Jes\u00fas Adri\u00e1n Peralta M\u00e1rquez, quien tiene la Comisi\u00f3n de Impulso a la Juventud, destac\u00f3 que actividades como estas son fundamentales para orientar a los j\u00f3venes en la toma de decisiones acerca de su carrera profesional, permiti\u00e9ndoles visualizar un futuro lleno de oportunidades y crecimiento.<\/p>\n<p>La Expo Universitaria 2025 reafirma el compromiso del Gobierno Municipal de Minatitl\u00e1n con la juventud, brind\u00e1ndoles las herramientas necesarias para lograr su desarrollo acad\u00e9mico y profesional. #Minatitl\u00e1nEresT\u00fa<\/p>\n","protected":false},"excerpt":{"rendered":"<p>Visitas: 3Minatitl\u00e1n, Ver. \u2013 Por tercer a\u00f1o consecutivo, el municipio de Minatitl\u00e1n celebr\u00f3 con \u00e9xito la Expo Universitaria 2025, un evento organizado por el Gobierno Municipal, presidido por la Dra. Carmen Medel Palma, que reuni\u00f3 a m\u00e1s de 20 universidades en la Unidad Deportiva Benito Ju\u00e1rez. En esta ocasi\u00f3n, alumnos de diversas instituciones de educaci\u00f3n [&hellip;]<\/p>\n","protected":false},"author":2,"featured_media":222976,"comment_status":"open","ping_status":"open","sticky":false,"template":"","format":"standard","meta":{"footnotes":""},"categories":[243,241],"tags":[],"class_list":{"0":"post-222975","1":"post","2":"type-post","3":"status-publish","4":"format-standard","5":"has-post-thumbnail","7":"category-minatitlan","8":"category-zona-sur"},"nelio_content":{"isAutoShareEnabled":true,"autoShareEndMode":"never","automationSources":{"useCustomSentences":false,"customSentences":[]},"followers":[7,2],"suggestedReferences":[],"efiUrl":"","efiAlt":"","highlights":[],"permalinkQueryArgs":[],"series":[]},"_links":{"self":[{"href":"https:\/\/www.enteratever.com\/2023\/wp-json\/wp\/v2\/posts\/222975","targetHints":{"allow":["GET"]}}],"collection":[{"href":"https:\/\/www.enteratever.com\/2023\/wp-json\/wp\/v2\/posts"}],"about":[{"href":"https:\/\/www.enteratever.com\/2023\/wp-json\/wp\/v2\/types\/post"}],"author":[{"embeddable":true,"href":"https:\/\/www.enteratever.com\/2023\/wp-json\/wp\/v2\/users\/2"}],"replies":[{"embeddable":true,"href":"https:\/\/www.enteratever.com\/2023\/wp-json\/wp\/v2\/comments?post=222975"}],"version-history":[{"count":1,"href":"https:\/\/www.enteratever.com\/2023\/wp-json\/wp\/v2\/posts\/222975\/revisions"}],"predecessor-version":[{"id":222977,"href":"https:\/\/www.enteratever.com\/2023\/wp-json\/wp\/v2\/posts\/222975\/revisions\/222977"}],"wp:featuredmedia":[{"embeddable":true,"href":"https:\/\/www.enteratever.com\/2023\/wp-json\/wp\/v2\/media\/222976"}],"wp:attachment":[{"href":"https:\/\/www.enteratever.com\/2023\/wp-json\/wp\/v2\/media?parent=222975"}],"wp:term":[{"taxonomy":"category","embeddable":true,"href":"https:\/\/www.enteratever.com\/2023\/wp-json\/wp\/v2\/categories?post=222975"},{"taxonomy":"post_tag","embeddable":true,"href":"https:\/\/www.enteratever.com\/2023\/wp-json\/wp\/v2\/tags?post=222975"}],"curies":[{"name":"wp","href":"https:\/\/api.w.org\/{rel}","templated":true}]}}