{"id":222972,"date":"2025-02-20T12:23:13","date_gmt":"2025-02-20T18:23:13","guid":{"rendered":"https:\/\/www.enteratever.com\/2023\/?p=222972"},"modified":"2025-02-20T12:23:13","modified_gmt":"2025-02-20T18:23:13","slug":"carmen-medel-palma-se-reune-con-autoridades-para-fortalecer-la-seguridad-en-minatitlan","status":"publish","type":"post","link":"https:\/\/www.enteratever.com\/2023\/2025\/02\/20\/carmen-medel-palma-se-reune-con-autoridades-para-fortalecer-la-seguridad-en-minatitlan\/","title":{"rendered":"Carmen Medel Palma, se re\u00fane con autoridades para fortalecer la seguridad en Minatitl\u00e1n"},"content":{"rendered":"<p>Visitas: 3<\/p><p>Minatitl\u00e1n, Ver. \u2013 La Dra. Carmen Medel Palma, Presidenta Municipal de Minatitl\u00e1n, sostuvo una importante reuni\u00f3n con autoridades de seguridad de diversos niveles, incluyendo representantes de la Secretar\u00eda de la Defensa, Guardia Nacional, Seguridad P\u00fablica Estatal y Municipal, Tr\u00e1nsito del Estado, y Tr\u00e1nsito y Vialidad Municipal. El objetivo de este encuentro fue fortalecer los lazos de colaboraci\u00f3n y coordinaci\u00f3n entre las distintas fuerzas de seguridad para mejorar la seguridad de la poblaci\u00f3n minatitleca.<\/p>\n<p>Durante la reuni\u00f3n, se presentaron diversas estrategias de trabajo y se discutieron acciones conjuntas para combatir la inseguridad en el municipio. La Dra. Carmen Medel Palma hizo hincapi\u00e9 en la importancia de trabajar unidos, con un enfoque integral que permita optimizar los recursos y esfuerzos de cada instituci\u00f3n involucrada.<\/p>\n<p>La Presidenta Municipal resalt\u00f3 la necesidad de coadyuvar esfuerzos y coordinaci\u00f3n efectiva para generar un entorno m\u00e1s seguro para las y los ciudadanos de Minatitl\u00e1n, y expres\u00f3 su compromiso de seguir trabajando en conjunto con todas las autoridades de seguridad para garantizar el bienestar de la poblaci\u00f3n. #Minatitl\u00e1nEresT\u00fa<\/p>\n","protected":false},"excerpt":{"rendered":"<p>Visitas: 3Minatitl\u00e1n, Ver. \u2013 La Dra. Carmen Medel Palma, Presidenta Municipal de Minatitl\u00e1n, sostuvo una importante reuni\u00f3n con autoridades de seguridad de diversos niveles, incluyendo representantes de la Secretar\u00eda de la Defensa, Guardia Nacional, Seguridad P\u00fablica Estatal y Municipal, Tr\u00e1nsito del Estado, y Tr\u00e1nsito y Vialidad Municipal. El objetivo de este encuentro fue fortalecer los [&hellip;]<\/p>\n","protected":false},"author":2,"featured_media":222973,"comment_status":"open","ping_status":"open","sticky":false,"template":"","format":"standard","meta":{"footnotes":""},"categories":[243,241],"tags":[],"class_list":{"0":"post-222972","1":"post","2":"type-post","3":"status-publish","4":"format-standard","5":"has-post-thumbnail","7":"category-minatitlan","8":"category-zona-sur"},"nelio_content":{"isAutoShareEnabled":true,"autoShareEndMode":"never","automationSources":{"useCustomSentences":false,"customSentences":[]},"followers":[7,2],"suggestedReferences":[],"efiUrl":"","efiAlt":"","highlights":[],"permalinkQueryArgs":[],"series":[]},"_links":{"self":[{"href":"https:\/\/www.enteratever.com\/2023\/wp-json\/wp\/v2\/posts\/222972","targetHints":{"allow":["GET"]}}],"collection":[{"href":"https:\/\/www.enteratever.com\/2023\/wp-json\/wp\/v2\/posts"}],"about":[{"href":"https:\/\/www.enteratever.com\/2023\/wp-json\/wp\/v2\/types\/post"}],"author":[{"embeddable":true,"href":"https:\/\/www.enteratever.com\/2023\/wp-json\/wp\/v2\/users\/2"}],"replies":[{"embeddable":true,"href":"https:\/\/www.enteratever.com\/2023\/wp-json\/wp\/v2\/comments?post=222972"}],"version-history":[{"count":1,"href":"https:\/\/www.enteratever.com\/2023\/wp-json\/wp\/v2\/posts\/222972\/revisions"}],"predecessor-version":[{"id":222974,"href":"https:\/\/www.enteratever.com\/2023\/wp-json\/wp\/v2\/posts\/222972\/revisions\/222974"}],"wp:featuredmedia":[{"embeddable":true,"href":"https:\/\/www.enteratever.com\/2023\/wp-json\/wp\/v2\/media\/222973"}],"wp:attachment":[{"href":"https:\/\/www.enteratever.com\/2023\/wp-json\/wp\/v2\/media?parent=222972"}],"wp:term":[{"taxonomy":"category","embeddable":true,"href":"https:\/\/www.enteratever.com\/2023\/wp-json\/wp\/v2\/categories?post=222972"},{"taxonomy":"post_tag","embeddable":true,"href":"https:\/\/www.enteratever.com\/2023\/wp-json\/wp\/v2\/tags?post=222972"}],"curies":[{"name":"wp","href":"https:\/\/api.w.org\/{rel}","templated":true}]}}