{"id":222882,"date":"2025-02-18T15:40:44","date_gmt":"2025-02-18T21:40:44","guid":{"rendered":"https:\/\/www.enteratever.com\/2023\/?p=222882"},"modified":"2025-02-18T15:40:44","modified_gmt":"2025-02-18T21:40:44","slug":"inaugura-carmen-medel-obra-de-pavimentacion-en-la-colonia-luis-echeverria","status":"publish","type":"post","link":"https:\/\/www.enteratever.com\/2023\/2025\/02\/18\/inaugura-carmen-medel-obra-de-pavimentacion-en-la-colonia-luis-echeverria\/","title":{"rendered":"Inaugura Carmen Medel obra de pavimentaci\u00f3n en la colonia Luis Echeverr\u00eda"},"content":{"rendered":"<p>Visitas: 1<\/p><p>Minatitl\u00e1n, Ver.- Carmen Medel Palma, Presidenta Municipal de Minatitl\u00e1n, inaugur\u00f3 la primera obra de pavimentaci\u00f3n del a\u00f1o, consistente en la pavimentaci\u00f3n con concreto hidr\u00e1ulico de las calles Veracruz y Plan de Iguala, ubicadas entre las calles Miguel Alem\u00e1n y Leyes de Reforma en la colonia Luis Echeverr\u00eda.<\/p>\n<p>Esta obra, realizada con recursos federales del FAISMUN 2024, representa una inversi\u00f3n superior a los 3 millones 200 mil pesos y beneficiar\u00e1 directamente a m\u00e1s de 3,000 habitantes de la zona.<\/p>\n<p>Durante la inauguraci\u00f3n, la Dra. Medel Palma destac\u00f3 la importancia de esta obra para la comunidad, resaltando que la pavimentaci\u00f3n no solo mejora la infraestructura vial, sino que tambi\u00e9n contribuye al desarrollo econ\u00f3mico y social de la regi\u00f3n.<\/p>\n<p>Los vecinos del sector expresaron su agradecimiento por la realizaci\u00f3n de esta obra, que mejora la calidad de vida de los residentes y facilita el tr\u00e1nsito en la zona.<\/p>\n<p>Con esta acci\u00f3n, se reafirma su compromiso con el progreso y bienestar de Minatitl\u00e1n, trabajando de la mano con la ciudadan\u00eda para lograr un municipio m\u00e1s moderno y funcional.<\/p>\n","protected":false},"excerpt":{"rendered":"<p>Visitas: 1Minatitl\u00e1n, Ver.- Carmen Medel Palma, Presidenta Municipal de Minatitl\u00e1n, inaugur\u00f3 la primera obra de pavimentaci\u00f3n del a\u00f1o, consistente en la pavimentaci\u00f3n con concreto hidr\u00e1ulico de las calles Veracruz y Plan de Iguala, ubicadas entre las calles Miguel Alem\u00e1n y Leyes de Reforma en la colonia Luis Echeverr\u00eda. Esta obra, realizada con recursos federales del [&hellip;]<\/p>\n","protected":false},"author":2,"featured_media":222883,"comment_status":"open","ping_status":"open","sticky":false,"template":"","format":"standard","meta":{"footnotes":""},"categories":[243,241],"tags":[],"class_list":{"0":"post-222882","1":"post","2":"type-post","3":"status-publish","4":"format-standard","5":"has-post-thumbnail","7":"category-minatitlan","8":"category-zona-sur"},"nelio_content":{"isAutoShareEnabled":true,"autoShareEndMode":"never","automationSources":{"useCustomSentences":false,"customSentences":[]},"followers":[7,2],"suggestedReferences":[],"efiUrl":"","efiAlt":"","highlights":[],"permalinkQueryArgs":[],"series":[]},"_links":{"self":[{"href":"https:\/\/www.enteratever.com\/2023\/wp-json\/wp\/v2\/posts\/222882","targetHints":{"allow":["GET"]}}],"collection":[{"href":"https:\/\/www.enteratever.com\/2023\/wp-json\/wp\/v2\/posts"}],"about":[{"href":"https:\/\/www.enteratever.com\/2023\/wp-json\/wp\/v2\/types\/post"}],"author":[{"embeddable":true,"href":"https:\/\/www.enteratever.com\/2023\/wp-json\/wp\/v2\/users\/2"}],"replies":[{"embeddable":true,"href":"https:\/\/www.enteratever.com\/2023\/wp-json\/wp\/v2\/comments?post=222882"}],"version-history":[{"count":1,"href":"https:\/\/www.enteratever.com\/2023\/wp-json\/wp\/v2\/posts\/222882\/revisions"}],"predecessor-version":[{"id":222884,"href":"https:\/\/www.enteratever.com\/2023\/wp-json\/wp\/v2\/posts\/222882\/revisions\/222884"}],"wp:featuredmedia":[{"embeddable":true,"href":"https:\/\/www.enteratever.com\/2023\/wp-json\/wp\/v2\/media\/222883"}],"wp:attachment":[{"href":"https:\/\/www.enteratever.com\/2023\/wp-json\/wp\/v2\/media?parent=222882"}],"wp:term":[{"taxonomy":"category","embeddable":true,"href":"https:\/\/www.enteratever.com\/2023\/wp-json\/wp\/v2\/categories?post=222882"},{"taxonomy":"post_tag","embeddable":true,"href":"https:\/\/www.enteratever.com\/2023\/wp-json\/wp\/v2\/tags?post=222882"}],"curies":[{"name":"wp","href":"https:\/\/api.w.org\/{rel}","templated":true}]}}