{"id":222876,"date":"2025-02-17T15:35:08","date_gmt":"2025-02-17T21:35:08","guid":{"rendered":"https:\/\/www.enteratever.com\/2023\/?p=222876"},"modified":"2025-02-18T15:36:35","modified_gmt":"2025-02-18T21:36:35","slug":"carmen-medel-participa-en-demostracion-de-dron-agricola-como-apoyo-a-los-productores-de-la-region","status":"publish","type":"post","link":"https:\/\/www.enteratever.com\/2023\/2025\/02\/17\/carmen-medel-participa-en-demostracion-de-dron-agricola-como-apoyo-a-los-productores-de-la-region\/","title":{"rendered":"Carmen Medel participa en demostraci\u00f3n de dron agr\u00edcola como apoyo a los productores de la regi\u00f3n"},"content":{"rendered":"<p>Visitas: 0<\/p><p>La presidenta municipal, Dra. Carmen Medel Palma, encabez\u00f3 la demostraci\u00f3n del uso de un \u00abdron agr\u00edcola\u00bb, en la que participaron el alcalde de Jos\u00e9 Azueta, Giovanny Auli Moo, junto con los alcaldes del sur de la regi\u00f3n veracruzana y productores locales. Este evento se llev\u00f3 a cabo en cumplimiento de las instrucciones de la Gobernadora de Veracruz, Roc\u00edo Nahle Garc\u00eda, con el objetivo de atender a los municipios con una producci\u00f3n de ma\u00edz por debajo de la media y dise\u00f1ar estrategias para mejorar la productividad agr\u00edcola en la regi\u00f3n.<\/p>\n<p>Durante la demostraci\u00f3n, se present\u00f3 el \u00abdron agr\u00edcola\u00bb, una innovadora tecnolog\u00eda que optimiza los procesos de siembra, cuidado y monitoreo de los cultivos. Los resultados evidenciaron una notable eficiencia en el trabajo agr\u00edcola, lo que no solo se traduce en un ahorro significativo para los productores, sino tambi\u00e9n en un impacto positivo en la econom\u00eda local.<\/p>\n<p>En el encuentro, se compartieron experiencias de los diferentes municipios y se presentaron los avances en la implementaci\u00f3n de tecnolog\u00edas para mejorar la producci\u00f3n de ma\u00edz. Un ejemplo destacado fue el caso de Minatitl\u00e1n, donde se han establecido parcelas demostrativas utilizando semillas mejoradas, lo que ha generado un aumento significativo en la producci\u00f3n agr\u00edcola.<\/p>\n<p>El alcalde de Jos\u00e9 Azueta, Giovanny Auli Moo, destac\u00f3 que uno de los principales objetivos de la Gobernadora es tecnificar el campo veracruzano y posicionar a Veracruz entre los primeros cinco estados productores de ma\u00edz a nivel nacional. Asegur\u00f3 que, gracias a las condiciones clim\u00e1ticas favorables y los terrenos f\u00e9rtiles con los que cuenta el estado, este ambicioso objetivo es completamente alcanzable.<\/p>\n","protected":false},"excerpt":{"rendered":"<p>Visitas: 0La presidenta municipal, Dra. Carmen Medel Palma, encabez\u00f3 la demostraci\u00f3n del uso de un \u00abdron agr\u00edcola\u00bb, en la que participaron el alcalde de Jos\u00e9 Azueta, Giovanny Auli Moo, junto con los alcaldes del sur de la regi\u00f3n veracruzana y productores locales. Este evento se llev\u00f3 a cabo en cumplimiento de las instrucciones de la [&hellip;]<\/p>\n","protected":false},"author":2,"featured_media":222877,"comment_status":"open","ping_status":"open","sticky":false,"template":"","format":"standard","meta":{"footnotes":""},"categories":[243,241],"tags":[],"class_list":{"0":"post-222876","1":"post","2":"type-post","3":"status-publish","4":"format-standard","5":"has-post-thumbnail","7":"category-minatitlan","8":"category-zona-sur"},"nelio_content":{"isAutoShareEnabled":true,"autoShareEndMode":"never","automationSources":{"useCustomSentences":false,"customSentences":[]},"followers":[7,2],"suggestedReferences":[],"efiUrl":"","efiAlt":"","highlights":[],"permalinkQueryArgs":[],"series":[]},"_links":{"self":[{"href":"https:\/\/www.enteratever.com\/2023\/wp-json\/wp\/v2\/posts\/222876","targetHints":{"allow":["GET"]}}],"collection":[{"href":"https:\/\/www.enteratever.com\/2023\/wp-json\/wp\/v2\/posts"}],"about":[{"href":"https:\/\/www.enteratever.com\/2023\/wp-json\/wp\/v2\/types\/post"}],"author":[{"embeddable":true,"href":"https:\/\/www.enteratever.com\/2023\/wp-json\/wp\/v2\/users\/2"}],"replies":[{"embeddable":true,"href":"https:\/\/www.enteratever.com\/2023\/wp-json\/wp\/v2\/comments?post=222876"}],"version-history":[{"count":1,"href":"https:\/\/www.enteratever.com\/2023\/wp-json\/wp\/v2\/posts\/222876\/revisions"}],"predecessor-version":[{"id":222878,"href":"https:\/\/www.enteratever.com\/2023\/wp-json\/wp\/v2\/posts\/222876\/revisions\/222878"}],"wp:featuredmedia":[{"embeddable":true,"href":"https:\/\/www.enteratever.com\/2023\/wp-json\/wp\/v2\/media\/222877"}],"wp:attachment":[{"href":"https:\/\/www.enteratever.com\/2023\/wp-json\/wp\/v2\/media?parent=222876"}],"wp:term":[{"taxonomy":"category","embeddable":true,"href":"https:\/\/www.enteratever.com\/2023\/wp-json\/wp\/v2\/categories?post=222876"},{"taxonomy":"post_tag","embeddable":true,"href":"https:\/\/www.enteratever.com\/2023\/wp-json\/wp\/v2\/tags?post=222876"}],"curies":[{"name":"wp","href":"https:\/\/api.w.org\/{rel}","templated":true}]}}