{"id":222336,"date":"2025-02-04T11:59:51","date_gmt":"2025-02-04T17:59:51","guid":{"rendered":"https:\/\/www.enteratever.com\/2023\/?p=222336"},"modified":"2025-02-04T11:59:51","modified_gmt":"2025-02-04T17:59:51","slug":"inauguracion-de-eventos-deportivos-y-academicos-en-la-zona-escolar-118","status":"publish","type":"post","link":"https:\/\/www.enteratever.com\/2023\/2025\/02\/04\/inauguracion-de-eventos-deportivos-y-academicos-en-la-zona-escolar-118\/","title":{"rendered":"Inauguraci\u00f3n de Eventos Deportivos y Acad\u00e9micos en la Zona Escolar 118"},"content":{"rendered":"<p>Visitas: 2<\/p><p>Minatitl\u00e1n, Ver.\u2013 Sse llev\u00f3 a cabo la inauguraci\u00f3n de los eventos deportivos y acad\u00e9micos de la Zona Escolar 118, Sector 19, en la Pista El Cocal. Este evento, que tuvo como principal objetivo fomentar la pr\u00e1ctica del deporte en las zonas rurales del municipio, en representaci\u00f3n de la Dra. Carmen Medel Palma, presidenta municipal de Minatitl\u00e1n, asisti\u00f3 el titular de la Jefatura de Deporte, Erick Hern\u00e1ndez Soto.<\/p>\n<p>A lo largo de la jornada, m\u00e1s de 10 escuelas de la zona rural participaron en diversas competencias, que incluyeron pruebas de pista, salto de longitud, lanzamiento de disco, lanzamiento de pelota, en las que los estudiantes demostraron su talento y entusiasmo por el deporte.<\/p>\n<p>El evento subraya el compromiso con el fomento a la actividad f\u00edsica y deportiva, buscando ofrecer oportunidades de desarrollo integral a los j\u00f3venes de la regi\u00f3n, promoviendo valores como la disciplina, el trabajo en equipo y la superaci\u00f3n personal.<\/p>\n<p>En el lugar se destac\u00f3 la importancia de seguir impulsando el deporte como herramienta de integraci\u00f3n y desarrollo social en el municipio, as\u00ed como el esfuerzo constante para llevar m\u00e1s actividades deportivas a todas las zonas, especialmente al \u00e1rea rural. <\/p>\n","protected":false},"excerpt":{"rendered":"<p>Visitas: 2Minatitl\u00e1n, Ver.\u2013 Sse llev\u00f3 a cabo la inauguraci\u00f3n de los eventos deportivos y acad\u00e9micos de la Zona Escolar 118, Sector 19, en la Pista El Cocal. Este evento, que tuvo como principal objetivo fomentar la pr\u00e1ctica del deporte en las zonas rurales del municipio, en representaci\u00f3n de la Dra. Carmen Medel Palma, presidenta municipal [&hellip;]<\/p>\n","protected":false},"author":2,"featured_media":222337,"comment_status":"open","ping_status":"open","sticky":false,"template":"","format":"standard","meta":{"footnotes":""},"categories":[243,241],"tags":[],"class_list":{"0":"post-222336","1":"post","2":"type-post","3":"status-publish","4":"format-standard","5":"has-post-thumbnail","7":"category-minatitlan","8":"category-zona-sur"},"nelio_content":{"isAutoShareEnabled":true,"autoShareEndMode":"never","automationSources":{"useCustomSentences":false,"customSentences":[]},"followers":[7,2],"suggestedReferences":[],"efiUrl":"","efiAlt":"","highlights":[],"permalinkQueryArgs":[],"series":[]},"_links":{"self":[{"href":"https:\/\/www.enteratever.com\/2023\/wp-json\/wp\/v2\/posts\/222336","targetHints":{"allow":["GET"]}}],"collection":[{"href":"https:\/\/www.enteratever.com\/2023\/wp-json\/wp\/v2\/posts"}],"about":[{"href":"https:\/\/www.enteratever.com\/2023\/wp-json\/wp\/v2\/types\/post"}],"author":[{"embeddable":true,"href":"https:\/\/www.enteratever.com\/2023\/wp-json\/wp\/v2\/users\/2"}],"replies":[{"embeddable":true,"href":"https:\/\/www.enteratever.com\/2023\/wp-json\/wp\/v2\/comments?post=222336"}],"version-history":[{"count":1,"href":"https:\/\/www.enteratever.com\/2023\/wp-json\/wp\/v2\/posts\/222336\/revisions"}],"predecessor-version":[{"id":222338,"href":"https:\/\/www.enteratever.com\/2023\/wp-json\/wp\/v2\/posts\/222336\/revisions\/222338"}],"wp:featuredmedia":[{"embeddable":true,"href":"https:\/\/www.enteratever.com\/2023\/wp-json\/wp\/v2\/media\/222337"}],"wp:attachment":[{"href":"https:\/\/www.enteratever.com\/2023\/wp-json\/wp\/v2\/media?parent=222336"}],"wp:term":[{"taxonomy":"category","embeddable":true,"href":"https:\/\/www.enteratever.com\/2023\/wp-json\/wp\/v2\/categories?post=222336"},{"taxonomy":"post_tag","embeddable":true,"href":"https:\/\/www.enteratever.com\/2023\/wp-json\/wp\/v2\/tags?post=222336"}],"curies":[{"name":"wp","href":"https:\/\/api.w.org\/{rel}","templated":true}]}}