{"id":222274,"date":"2025-02-03T09:51:45","date_gmt":"2025-02-03T15:51:45","guid":{"rendered":"https:\/\/www.enteratever.com\/2023\/?p=222274"},"modified":"2025-02-03T09:51:45","modified_gmt":"2025-02-03T15:51:45","slug":"concluye-el-1er-gran-premio-de-motonautica-mina-2025-en-minatitlan","status":"publish","type":"post","link":"https:\/\/www.enteratever.com\/2023\/2025\/02\/03\/concluye-el-1er-gran-premio-de-motonautica-mina-2025-en-minatitlan\/","title":{"rendered":"Concluye el 1er Gran Premio de Moton\u00e1utica Mina 2025 en Minatitl\u00e1n"},"content":{"rendered":"<p>Visitas: 4<\/p><p>Minatitl\u00e1n, Ver.- Con gran \u00e9xito concluy\u00f3 el 1er Gran Premio de Moton\u00e1utica Mina 2025, evento que se llev\u00f3 a cabo en el municipio de Minatitl\u00e1n, donde la Presidenta Municipal, Dra. Carmen Medel Palma, estuvo presente para presidir la premiaci\u00f3n. Durante el evento, la edil fue aplaudida por su compromiso con el fomento de este deporte en la regi\u00f3n, destacando la importancia de impulsar eventos deportivos que ponen a Minatitl\u00e1n \u00abde moda\u00bb y lo posicionan como un referente en el \u00e1mbito deportivo.<\/p>\n<p>En su mensaje, Medel Palma se\u00f1al\u00f3 que \u00abMinatitl\u00e1n est\u00e1 en constante transformaci\u00f3n, y la promoci\u00f3n del deporte es clave para el crecimiento y desarrollo del municipio\u00bb. Adem\u00e1s, resalt\u00f3 la importancia de eventos como este, que son posibles gracias al respaldo de la Federaci\u00f3n Mexicana de Moton\u00e1utica, el Club N\u00e1utico del Sureste y la colaboraci\u00f3n de diversas instituciones locales.<\/p>\n<p>La Dra. Medel Palma tambi\u00e9n recibi\u00f3 un merecido reconocimiento por su apoyo incondicional a la organizaci\u00f3n y realizaci\u00f3n del evento, lo que fue agradecido por los presentes.<\/p>\n<p>El evento cont\u00f3 con la participaci\u00f3n de destacados pilotos provenientes de diferentes partes de M\u00e9xico, quienes compitieron en diversas categor\u00edas: CHALLENGER, PRO, MAX y F\u00f3rmula 1. Los ganadores fueron los siguientes:<\/p>\n<p>&#8211; Categor\u00eda CHALLENGER  <\/p>\n<p>1er lugar: Oswaldo Cervera Contreras (M\u00e9rida, Yucat\u00e1n)<br \/>\n2do lugar: Eduardo Cabrera Soler (Canc\u00fan, Quintana Roo)<br \/>\n3er lugar: Elic Carrera Ramos (Acapulco, Guerrero)  <\/p>\n<p>&#8211; Categor\u00eda PRO<\/p>\n<p>1er lugar: Leonardo Mart\u00ednez V\u00e1squez (Minatitl\u00e1n, Veracruz)<br \/>\n2do lugar: Alejandro Carri\u00f3n Ch\u00e1vez (San Andr\u00e9s, Tuxtla)<br \/>\n3er lugar: Kuniaki Kuasicha (Hidalgotitl\u00e1n, Veracruz)<\/p>\n<p>&#8211; Categor\u00eda MAX <\/p>\n<p>1er lugar: Andr\u00e9s de Jes\u00fas Camara Balboa (Isla Aguada, Campeche)<br \/>\n2do lugar: Alberto Carranza de Anda (Canc\u00fan, Quintana Roo)<br \/>\n3er lugar: Guillermo de Jes\u00fas Mart\u00ednez Dom\u00ednguez (Minatitl\u00e1n, Veracruz)<\/p>\n<p>&#8211; Categor\u00eda F\u00f3rmula 1<\/p>\n<p>1er lugar: Oswaldo Cervera Guillermo (M\u00e9rida, Yucat\u00e1n)<br \/>\n2do lugar: Angel Chazaro Meraz (Tequesquitengo, Morelos)<br \/>\n3er lugar: Guillermo Mart\u00ednez V\u00e1squez (Minatitl\u00e1n, Veracruz)<\/p>\n<p>El evento fue posible gracias al trabajo conjunto con el delegado de Veracruz del Club N\u00e1utico del Sureste, Leonardo Mart\u00ednez V\u00e1squez, y la directora de carrera Ivette Dom\u00ednguez Herlindo, quienes se encargaron de la coordinaci\u00f3n del evento. Adem\u00e1s, se cont\u00f3 con el apoyo de \u00c9rick Hern\u00e1ndez Soto, jefe del Deporte Municipal, quien tambi\u00e9n jug\u00f3 un papel fundamental en la organizaci\u00f3n.<\/p>\n<p>Minatitl\u00e1n sigue demostrando que es un municipio con una fuerte vocaci\u00f3n deportiva, y eventos como este son el claro reflejo del crecimiento y desarrollo que est\u00e1 viviendo en diversas \u00e1reas.<\/p>\n","protected":false},"excerpt":{"rendered":"<p>Visitas: 4Minatitl\u00e1n, Ver.- Con gran \u00e9xito concluy\u00f3 el 1er Gran Premio de Moton\u00e1utica Mina 2025, evento que se llev\u00f3 a cabo en el municipio de Minatitl\u00e1n, donde la Presidenta Municipal, Dra. Carmen Medel Palma, estuvo presente para presidir la premiaci\u00f3n. Durante el evento, la edil fue aplaudida por su compromiso con el fomento de este [&hellip;]<\/p>\n","protected":false},"author":2,"featured_media":222275,"comment_status":"open","ping_status":"open","sticky":false,"template":"","format":"standard","meta":{"footnotes":""},"categories":[243,241],"tags":[],"class_list":{"0":"post-222274","1":"post","2":"type-post","3":"status-publish","4":"format-standard","5":"has-post-thumbnail","7":"category-minatitlan","8":"category-zona-sur"},"nelio_content":{"isAutoShareEnabled":true,"autoShareEndMode":"never","automationSources":{"useCustomSentences":false,"customSentences":[]},"followers":[7,2],"suggestedReferences":[],"efiUrl":"","efiAlt":"","highlights":[],"permalinkQueryArgs":[],"series":[]},"_links":{"self":[{"href":"https:\/\/www.enteratever.com\/2023\/wp-json\/wp\/v2\/posts\/222274","targetHints":{"allow":["GET"]}}],"collection":[{"href":"https:\/\/www.enteratever.com\/2023\/wp-json\/wp\/v2\/posts"}],"about":[{"href":"https:\/\/www.enteratever.com\/2023\/wp-json\/wp\/v2\/types\/post"}],"author":[{"embeddable":true,"href":"https:\/\/www.enteratever.com\/2023\/wp-json\/wp\/v2\/users\/2"}],"replies":[{"embeddable":true,"href":"https:\/\/www.enteratever.com\/2023\/wp-json\/wp\/v2\/comments?post=222274"}],"version-history":[{"count":1,"href":"https:\/\/www.enteratever.com\/2023\/wp-json\/wp\/v2\/posts\/222274\/revisions"}],"predecessor-version":[{"id":222276,"href":"https:\/\/www.enteratever.com\/2023\/wp-json\/wp\/v2\/posts\/222274\/revisions\/222276"}],"wp:featuredmedia":[{"embeddable":true,"href":"https:\/\/www.enteratever.com\/2023\/wp-json\/wp\/v2\/media\/222275"}],"wp:attachment":[{"href":"https:\/\/www.enteratever.com\/2023\/wp-json\/wp\/v2\/media?parent=222274"}],"wp:term":[{"taxonomy":"category","embeddable":true,"href":"https:\/\/www.enteratever.com\/2023\/wp-json\/wp\/v2\/categories?post=222274"},{"taxonomy":"post_tag","embeddable":true,"href":"https:\/\/www.enteratever.com\/2023\/wp-json\/wp\/v2\/tags?post=222274"}],"curies":[{"name":"wp","href":"https:\/\/api.w.org\/{rel}","templated":true}]}}