{"id":221922,"date":"2025-01-24T11:58:49","date_gmt":"2025-01-24T17:58:49","guid":{"rendered":"https:\/\/www.enteratever.com\/2023\/?p=221922"},"modified":"2025-01-24T11:58:49","modified_gmt":"2025-01-24T17:58:49","slug":"morena-ajustara-polemica-propuesta-de-reforma-a-la-ley-del-infonavit","status":"publish","type":"post","link":"https:\/\/www.enteratever.com\/2023\/2025\/01\/24\/morena-ajustara-polemica-propuesta-de-reforma-a-la-ley-del-infonavit\/","title":{"rendered":"Morena ajustar\u00e1 pol\u00e9mica propuesta de reforma a la ley del Infonavit"},"content":{"rendered":"<p>Visitas: 11<\/p><p>Morena en el Congreso ajustar\u00e1 su pol\u00e9mica propuesta de reforma a la ley del Infonavit que quitaba a trabajadores y patrones representaci\u00f3n en la Comisi\u00f3n de Vigilancia. Se estima que la reforma se apruebe en la C\u00e1mara de Diputados el pr\u00f3ximo 1 de febrero.<\/p>\n<p>Un nuevo dictamen que este viernes ser\u00e1 analizado en Comisiones de la C\u00e1mara de Diputados propone respetar la paridad de nueve integrantes de la Comisi\u00f3n, para que tres sean del gobierno federal, tres del sector de los trabajadores y tres del sector empresarial.<\/p>\n<p>Cabe recordar que la propuesta de reforma aprobada ya en el Senado, y que desat\u00f3 m\u00faltiples cr\u00edticas de los afectados y de especialistas, otorgaba cinco lugares al gobierno federal, dos al sector patronal e igual n\u00famero a los trabajadores.<\/p>\n<p>Mientras que a pesar de Morena prev\u00e9 un total de 30 modificaciones a la minuta aprobada por el Senado, la nueva propuesta no modificar\u00e1 la creaci\u00f3n de una empresa filial encargada de construir vivienda.<\/p>\n<p>XEU<\/p>\n","protected":false},"excerpt":{"rendered":"<p>Visitas: 11Morena en el Congreso ajustar\u00e1 su pol\u00e9mica propuesta de reforma a la ley del Infonavit que quitaba a trabajadores y patrones representaci\u00f3n en la Comisi\u00f3n de Vigilancia. Se estima que la reforma se apruebe en la C\u00e1mara de Diputados el pr\u00f3ximo 1 de febrero. Un nuevo dictamen que este viernes ser\u00e1 analizado en Comisiones [&hellip;]<\/p>\n","protected":false},"author":2,"featured_media":221923,"comment_status":"open","ping_status":"open","sticky":false,"template":"","format":"standard","meta":{"footnotes":""},"categories":[252],"tags":[],"class_list":{"0":"post-221922","1":"post","2":"type-post","3":"status-publish","4":"format-standard","5":"has-post-thumbnail","7":"category-nacionales"},"nelio_content":{"isAutoShareEnabled":true,"autoShareEndMode":"never","automationSources":{"useCustomSentences":false,"customSentences":[]},"followers":[7,2],"suggestedReferences":[],"efiUrl":"","efiAlt":"","highlights":[],"permalinkQueryArgs":[],"series":[]},"_links":{"self":[{"href":"https:\/\/www.enteratever.com\/2023\/wp-json\/wp\/v2\/posts\/221922","targetHints":{"allow":["GET"]}}],"collection":[{"href":"https:\/\/www.enteratever.com\/2023\/wp-json\/wp\/v2\/posts"}],"about":[{"href":"https:\/\/www.enteratever.com\/2023\/wp-json\/wp\/v2\/types\/post"}],"author":[{"embeddable":true,"href":"https:\/\/www.enteratever.com\/2023\/wp-json\/wp\/v2\/users\/2"}],"replies":[{"embeddable":true,"href":"https:\/\/www.enteratever.com\/2023\/wp-json\/wp\/v2\/comments?post=221922"}],"version-history":[{"count":1,"href":"https:\/\/www.enteratever.com\/2023\/wp-json\/wp\/v2\/posts\/221922\/revisions"}],"predecessor-version":[{"id":221924,"href":"https:\/\/www.enteratever.com\/2023\/wp-json\/wp\/v2\/posts\/221922\/revisions\/221924"}],"wp:featuredmedia":[{"embeddable":true,"href":"https:\/\/www.enteratever.com\/2023\/wp-json\/wp\/v2\/media\/221923"}],"wp:attachment":[{"href":"https:\/\/www.enteratever.com\/2023\/wp-json\/wp\/v2\/media?parent=221922"}],"wp:term":[{"taxonomy":"category","embeddable":true,"href":"https:\/\/www.enteratever.com\/2023\/wp-json\/wp\/v2\/categories?post=221922"},{"taxonomy":"post_tag","embeddable":true,"href":"https:\/\/www.enteratever.com\/2023\/wp-json\/wp\/v2\/tags?post=221922"}],"curies":[{"name":"wp","href":"https:\/\/api.w.org\/{rel}","templated":true}]}}