{"id":221843,"date":"2025-01-21T18:40:16","date_gmt":"2025-01-22T00:40:16","guid":{"rendered":"https:\/\/www.enteratever.com\/2023\/?p=221843"},"modified":"2025-01-21T18:40:16","modified_gmt":"2025-01-22T00:40:16","slug":"frente-frio-tumba-lampara-danada","status":"publish","type":"post","link":"https:\/\/www.enteratever.com\/2023\/2025\/01\/21\/frente-frio-tumba-lampara-danada\/","title":{"rendered":"Frente fr\u00edo tumba l\u00e1mpara da\u00f1ada"},"content":{"rendered":"<p>Visitas: 18<\/p><p>Durante algunos minutos el tr\u00e1fico vehicular de uno de los carriles de la calle Alejandro Vega fue cerrado esto en direcci\u00f3n hacia la colonia C\u00e1ndido Aguilar, cerca de la calle Antonio M. Quirasco, sector La Gu\u00e1sima. <\/p>\n<p>Esto por la ca\u00edda de una l\u00e1mpara en la mencionada, aunque esta no da\u00f1\u00f3 ning\u00fan veh\u00edculo vecino aseguran que pudo haber lastimado a alguien y es que por los fuertes vientos del frente fr\u00edo no soporto mas.<\/p>\n<p>Las autoridades relacionadas al departamento de alumbrado ya han sido notificadas y es que desde hace ya varios meses vecinos del sector ya hab\u00edan mencionado acerca de lo deteriorada que se encontraba dicha l\u00e1mpara.<\/p>\n","protected":false},"excerpt":{"rendered":"<p>Visitas: 18Durante algunos minutos el tr\u00e1fico vehicular de uno de los carriles de la calle Alejandro Vega fue cerrado esto en direcci\u00f3n hacia la colonia C\u00e1ndido Aguilar, cerca de la calle Antonio M. Quirasco, sector La Gu\u00e1sima. Esto por la ca\u00edda de una l\u00e1mpara en la mencionada, aunque esta no da\u00f1\u00f3 ning\u00fan veh\u00edculo vecino aseguran [&hellip;]<\/p>\n","protected":false},"author":3,"featured_media":221844,"comment_status":"open","ping_status":"open","sticky":false,"template":"","format":"standard","meta":{"footnotes":""},"categories":[299,215,219],"tags":[],"class_list":{"0":"post-221843","1":"post","2":"type-post","3":"status-publish","4":"format-standard","5":"has-post-thumbnail","7":"category-notas-locales","8":"category-papantla","9":"category-zona-norte"},"nelio_content":{"isAutoShareEnabled":true,"autoShareEndMode":"never","automationSources":{"useCustomSentences":false,"customSentences":[]},"followers":[7,3],"suggestedReferences":[],"efiUrl":"","efiAlt":"","highlights":[],"permalinkQueryArgs":[],"series":[]},"_links":{"self":[{"href":"https:\/\/www.enteratever.com\/2023\/wp-json\/wp\/v2\/posts\/221843","targetHints":{"allow":["GET"]}}],"collection":[{"href":"https:\/\/www.enteratever.com\/2023\/wp-json\/wp\/v2\/posts"}],"about":[{"href":"https:\/\/www.enteratever.com\/2023\/wp-json\/wp\/v2\/types\/post"}],"author":[{"embeddable":true,"href":"https:\/\/www.enteratever.com\/2023\/wp-json\/wp\/v2\/users\/3"}],"replies":[{"embeddable":true,"href":"https:\/\/www.enteratever.com\/2023\/wp-json\/wp\/v2\/comments?post=221843"}],"version-history":[{"count":1,"href":"https:\/\/www.enteratever.com\/2023\/wp-json\/wp\/v2\/posts\/221843\/revisions"}],"predecessor-version":[{"id":221845,"href":"https:\/\/www.enteratever.com\/2023\/wp-json\/wp\/v2\/posts\/221843\/revisions\/221845"}],"wp:featuredmedia":[{"embeddable":true,"href":"https:\/\/www.enteratever.com\/2023\/wp-json\/wp\/v2\/media\/221844"}],"wp:attachment":[{"href":"https:\/\/www.enteratever.com\/2023\/wp-json\/wp\/v2\/media?parent=221843"}],"wp:term":[{"taxonomy":"category","embeddable":true,"href":"https:\/\/www.enteratever.com\/2023\/wp-json\/wp\/v2\/categories?post=221843"},{"taxonomy":"post_tag","embeddable":true,"href":"https:\/\/www.enteratever.com\/2023\/wp-json\/wp\/v2\/tags?post=221843"}],"curies":[{"name":"wp","href":"https:\/\/api.w.org\/{rel}","templated":true}]}}