{"id":221791,"date":"2025-01-20T16:09:15","date_gmt":"2025-01-20T22:09:15","guid":{"rendered":"https:\/\/www.enteratever.com\/2023\/?p=221791"},"modified":"2025-01-21T09:24:18","modified_gmt":"2025-01-21T15:24:18","slug":"se-ordena-sacerdote-de-la-costa-papanteca","status":"publish","type":"post","link":"https:\/\/www.enteratever.com\/2023\/2025\/01\/20\/se-ordena-sacerdote-de-la-costa-papanteca\/","title":{"rendered":"Se ordena sacerdote de la Costa Papanteca"},"content":{"rendered":"<p>Visitas: 20<\/p><p>Con la visita de l\u00edderes religiosos, as\u00ed como del Obispo de la Di\u00f3cesis de Papantla Jos\u00e9 Trinidad Zapata Ortiz se realiz\u00f3 el Ordenamiento del nuevo Presb\u00edtero Felipe de Jes\u00fas V\u00e1zquez Hern\u00e1ndez en la localidad de la Gu\u00e1sima perteneciente al municipio de Papantla.<\/p>\n<p>Por las inclemencias del tiempo el evento se realiz\u00f3 en el domo de usos m\u00faltiples de la Gu\u00e1sima con la presencia de cientos de feligreses cat\u00f3licos quienes lo recibieron con aplausos luego de la unci\u00f3n del Monse\u00f1or Jos\u00e9 Trinidad Zapata y los sacerdotes entre ellos el Padre Constantino Rodr\u00edguez Reyes y sin faltar el Padre de la Parroquia Santiago Ap\u00f3stol de Ru\u00edz Cortines Rafael Rodr\u00edguez Lucas.<\/p>\n<p>El obispo reconoci\u00f3 a los j\u00f3venes que tienen el inter\u00e9s de seguir los pasos de la Iglesia y de Jes\u00fas y dio agradecimiento a todos los acompa\u00f1antes por ese cari\u00f1o especial que tienen con el ahora padre Felipe de Jes\u00fas que tendr\u00e1 que estar fuera del pa\u00eds a realizar la labor importante de llevar la palabra de Dios.<\/p>\n","protected":false},"excerpt":{"rendered":"<p>Visitas: 20Con la visita de l\u00edderes religiosos, as\u00ed como del Obispo de la Di\u00f3cesis de Papantla Jos\u00e9 Trinidad Zapata Ortiz se realiz\u00f3 el Ordenamiento del nuevo Presb\u00edtero Felipe de Jes\u00fas V\u00e1zquez Hern\u00e1ndez en la localidad de la Gu\u00e1sima perteneciente al municipio de Papantla. Por las inclemencias del tiempo el evento se realiz\u00f3 en el domo [&hellip;]<\/p>\n","protected":false},"author":3,"featured_media":221792,"comment_status":"open","ping_status":"open","sticky":false,"template":"","format":"standard","meta":{"footnotes":""},"categories":[299,215,219],"tags":[],"class_list":{"0":"post-221791","1":"post","2":"type-post","3":"status-publish","4":"format-standard","5":"has-post-thumbnail","7":"category-notas-locales","8":"category-papantla","9":"category-zona-norte"},"nelio_content":{"isAutoShareEnabled":true,"autoShareEndMode":"never","automationSources":{"useCustomSentences":false,"customSentences":[]},"followers":[7,4,3],"suggestedReferences":[],"efiUrl":"","efiAlt":"","highlights":[],"permalinkQueryArgs":[],"series":[]},"_links":{"self":[{"href":"https:\/\/www.enteratever.com\/2023\/wp-json\/wp\/v2\/posts\/221791","targetHints":{"allow":["GET"]}}],"collection":[{"href":"https:\/\/www.enteratever.com\/2023\/wp-json\/wp\/v2\/posts"}],"about":[{"href":"https:\/\/www.enteratever.com\/2023\/wp-json\/wp\/v2\/types\/post"}],"author":[{"embeddable":true,"href":"https:\/\/www.enteratever.com\/2023\/wp-json\/wp\/v2\/users\/3"}],"replies":[{"embeddable":true,"href":"https:\/\/www.enteratever.com\/2023\/wp-json\/wp\/v2\/comments?post=221791"}],"version-history":[{"count":3,"href":"https:\/\/www.enteratever.com\/2023\/wp-json\/wp\/v2\/posts\/221791\/revisions"}],"predecessor-version":[{"id":221806,"href":"https:\/\/www.enteratever.com\/2023\/wp-json\/wp\/v2\/posts\/221791\/revisions\/221806"}],"wp:featuredmedia":[{"embeddable":true,"href":"https:\/\/www.enteratever.com\/2023\/wp-json\/wp\/v2\/media\/221792"}],"wp:attachment":[{"href":"https:\/\/www.enteratever.com\/2023\/wp-json\/wp\/v2\/media?parent=221791"}],"wp:term":[{"taxonomy":"category","embeddable":true,"href":"https:\/\/www.enteratever.com\/2023\/wp-json\/wp\/v2\/categories?post=221791"},{"taxonomy":"post_tag","embeddable":true,"href":"https:\/\/www.enteratever.com\/2023\/wp-json\/wp\/v2\/tags?post=221791"}],"curies":[{"name":"wp","href":"https:\/\/api.w.org\/{rel}","templated":true}]}}