{"id":221340,"date":"2025-01-08T12:59:16","date_gmt":"2025-01-08T18:59:16","guid":{"rendered":"https:\/\/www.enteratever.com\/2023\/?p=221340"},"modified":"2025-01-08T12:59:16","modified_gmt":"2025-01-08T18:59:16","slug":"buscan-a-joven-de-arroyo-del-arco-en-papantla","status":"publish","type":"post","link":"https:\/\/www.enteratever.com\/2023\/2025\/01\/08\/buscan-a-joven-de-arroyo-del-arco-en-papantla\/","title":{"rendered":"Buscan a joven de Arroyo del Arco en Papantla"},"content":{"rendered":"<p>Visitas: 41<\/p><p>Una gran preocupaci\u00f3n por parte los pobladores de Arroyo del Arco, as\u00ed como incertidumbre de lo que pasa en la regi\u00f3n ha causado la repentina desaparici\u00f3n de la joven Nely Sara\u00ed Vargas P\u00e9rez y que cuenta con de 16 a\u00f1os de edad. <\/p>\n<p>Nely Sara\u00ed por \u00faltima vez fue vista en su comunidad, pero desde entonces no se ha tenido informaci\u00f3n sobre su paradero. La familia temerosa piensa que puede correr peligro por lo que han acudido tambi\u00e9n a la ciudadan\u00eda para poder localizarla en caso de que tengan alguna informaci\u00f3n valiosa. <\/p>\n<p>El llamado se ha realizado a trav\u00e9s de redes sociales y medios locales, donde se ha compartido la descripci\u00f3n de la joven. mientras tanto las autoridades ya han sido notificadas y se encuentran participando en la b\u00fasqueda.<\/p>\n<p>Este caso ha encendido las alarmas en la regi\u00f3n, recordando la importancia de la solidaridad ciudadana y el trabajo coordinado con las autoridades para localizar a personas desaparecidas.<\/p>\n","protected":false},"excerpt":{"rendered":"<p>Visitas: 41Una gran preocupaci\u00f3n por parte los pobladores de Arroyo del Arco, as\u00ed como incertidumbre de lo que pasa en la regi\u00f3n ha causado la repentina desaparici\u00f3n de la joven Nely Sara\u00ed Vargas P\u00e9rez y que cuenta con de 16 a\u00f1os de edad. Nely Sara\u00ed por \u00faltima vez fue vista en su comunidad, pero desde [&hellip;]<\/p>\n","protected":false},"author":2,"featured_media":221342,"comment_status":"open","ping_status":"open","sticky":false,"template":"","format":"standard","meta":{"footnotes":""},"categories":[299,215,219],"tags":[],"class_list":{"0":"post-221340","1":"post","2":"type-post","3":"status-publish","4":"format-standard","5":"has-post-thumbnail","7":"category-notas-locales","8":"category-papantla","9":"category-zona-norte"},"nelio_content":{"isAutoShareEnabled":true,"autoShareEndMode":"never","automationSources":{"useCustomSentences":false,"customSentences":[]},"followers":[7,2],"suggestedReferences":[],"efiUrl":"","efiAlt":"","highlights":[],"permalinkQueryArgs":[],"series":[]},"_links":{"self":[{"href":"https:\/\/www.enteratever.com\/2023\/wp-json\/wp\/v2\/posts\/221340","targetHints":{"allow":["GET"]}}],"collection":[{"href":"https:\/\/www.enteratever.com\/2023\/wp-json\/wp\/v2\/posts"}],"about":[{"href":"https:\/\/www.enteratever.com\/2023\/wp-json\/wp\/v2\/types\/post"}],"author":[{"embeddable":true,"href":"https:\/\/www.enteratever.com\/2023\/wp-json\/wp\/v2\/users\/2"}],"replies":[{"embeddable":true,"href":"https:\/\/www.enteratever.com\/2023\/wp-json\/wp\/v2\/comments?post=221340"}],"version-history":[{"count":1,"href":"https:\/\/www.enteratever.com\/2023\/wp-json\/wp\/v2\/posts\/221340\/revisions"}],"predecessor-version":[{"id":221344,"href":"https:\/\/www.enteratever.com\/2023\/wp-json\/wp\/v2\/posts\/221340\/revisions\/221344"}],"wp:featuredmedia":[{"embeddable":true,"href":"https:\/\/www.enteratever.com\/2023\/wp-json\/wp\/v2\/media\/221342"}],"wp:attachment":[{"href":"https:\/\/www.enteratever.com\/2023\/wp-json\/wp\/v2\/media?parent=221340"}],"wp:term":[{"taxonomy":"category","embeddable":true,"href":"https:\/\/www.enteratever.com\/2023\/wp-json\/wp\/v2\/categories?post=221340"},{"taxonomy":"post_tag","embeddable":true,"href":"https:\/\/www.enteratever.com\/2023\/wp-json\/wp\/v2\/tags?post=221340"}],"curies":[{"name":"wp","href":"https:\/\/api.w.org\/{rel}","templated":true}]}}