{"id":221120,"date":"2025-01-02T18:11:57","date_gmt":"2025-01-03T00:11:57","guid":{"rendered":"https:\/\/www.enteratever.com\/2023\/?p=221120"},"modified":"2025-01-02T18:11:57","modified_gmt":"2025-01-03T00:11:57","slug":"inicia-el-ano-con-cultura","status":"publish","type":"post","link":"https:\/\/www.enteratever.com\/2023\/2025\/01\/02\/inicia-el-ano-con-cultura\/","title":{"rendered":"Inicia el a\u00f1o con cultura"},"content":{"rendered":"<p>Visitas: 0<\/p><p>Xalapa, Ver.- M\u00fasica, cine, danza y un programa especial por el D\u00eda de Reyes, forman parte de las actividades culturales organizadas por el Ayuntamiento para contribuir a la recreaci\u00f3n y convivencia de las familias.<\/p>\n<p>Este jueves 2 de enero, en las Tardes de Xallitic, se presentan Enrique y Rafa, a las 17:00 horas, en la explanada del Barrio M\u00e1gico. En Palacio Municipal, el s\u00e1bado 4 de enero, a las 19:00 horas, se proyectar\u00e1 \u201cLos Tres Reyes Magos\u201d, una pel\u00edcula de Antonio Navarro, como parte del programa \u201cApantallArte\u201d.<\/p>\n<p>El domingo 5 de enero se tiene un programa especial por el D\u00eda de Reyes en el parque Benito Ju\u00e1rez. Habr\u00e1 show de payasitos, Loter\u00eda Cultural, Mercado de Hojas y PintArte, desde las 12:00 horas; a las 13:00 horas se presentan Los S\u00faper de la Cumbia.<\/p>\n<p>Continuando con este programa, a las 14:00 horas se tendr\u00e1 un concierto de Jazzfolk, gran combinaci\u00f3n para acercar a los m\u00e1s peque\u00f1os al mundo de la m\u00fasica. Este programa concluir\u00e1 con un Show de Botargas a las 15:00 horas.<\/p>\n<p>A las 17:00 horas en el parque Ju\u00e1rez se desarrollar\u00e1 otra edici\u00f3n de \u201cDanz\u00f3n pa\u00b4l Coraz\u00f3n\u201d, y a las 18:30 horas, en el auditorio de la IMAC, se presenta el Dueto Im\u00e1n con el concierto \u201cBoleros, m\u00fasica del amor eterno\u201d.<\/p>\n","protected":false},"excerpt":{"rendered":"<p>Visitas: 0Xalapa, Ver.- M\u00fasica, cine, danza y un programa especial por el D\u00eda de Reyes, forman parte de las actividades culturales organizadas por el Ayuntamiento para contribuir a la recreaci\u00f3n y convivencia de las familias. Este jueves 2 de enero, en las Tardes de Xallitic, se presentan Enrique y Rafa, a las 17:00 horas, en [&hellip;]<\/p>\n","protected":false},"author":2,"featured_media":221121,"comment_status":"open","ping_status":"open","sticky":false,"template":"","format":"standard","meta":{"footnotes":""},"categories":[237,236],"tags":[],"class_list":{"0":"post-221120","1":"post","2":"type-post","3":"status-publish","4":"format-standard","5":"has-post-thumbnail","7":"category-xalapa","8":"category-zona-centro"},"nelio_content":{"isAutoShareEnabled":true,"autoShareEndMode":"never","automationSources":{"useCustomSentences":false,"customSentences":[]},"followers":[7,2],"suggestedReferences":[],"efiUrl":"","efiAlt":"","highlights":[],"permalinkQueryArgs":[],"series":[]},"_links":{"self":[{"href":"https:\/\/www.enteratever.com\/2023\/wp-json\/wp\/v2\/posts\/221120","targetHints":{"allow":["GET"]}}],"collection":[{"href":"https:\/\/www.enteratever.com\/2023\/wp-json\/wp\/v2\/posts"}],"about":[{"href":"https:\/\/www.enteratever.com\/2023\/wp-json\/wp\/v2\/types\/post"}],"author":[{"embeddable":true,"href":"https:\/\/www.enteratever.com\/2023\/wp-json\/wp\/v2\/users\/2"}],"replies":[{"embeddable":true,"href":"https:\/\/www.enteratever.com\/2023\/wp-json\/wp\/v2\/comments?post=221120"}],"version-history":[{"count":1,"href":"https:\/\/www.enteratever.com\/2023\/wp-json\/wp\/v2\/posts\/221120\/revisions"}],"predecessor-version":[{"id":221122,"href":"https:\/\/www.enteratever.com\/2023\/wp-json\/wp\/v2\/posts\/221120\/revisions\/221122"}],"wp:featuredmedia":[{"embeddable":true,"href":"https:\/\/www.enteratever.com\/2023\/wp-json\/wp\/v2\/media\/221121"}],"wp:attachment":[{"href":"https:\/\/www.enteratever.com\/2023\/wp-json\/wp\/v2\/media?parent=221120"}],"wp:term":[{"taxonomy":"category","embeddable":true,"href":"https:\/\/www.enteratever.com\/2023\/wp-json\/wp\/v2\/categories?post=221120"},{"taxonomy":"post_tag","embeddable":true,"href":"https:\/\/www.enteratever.com\/2023\/wp-json\/wp\/v2\/tags?post=221120"}],"curies":[{"name":"wp","href":"https:\/\/api.w.org\/{rel}","templated":true}]}}