{"id":221092,"date":"2025-01-02T10:20:26","date_gmt":"2025-01-02T16:20:26","guid":{"rendered":"https:\/\/www.enteratever.com\/2023\/?p=221092"},"modified":"2025-01-02T10:20:26","modified_gmt":"2025-01-02T16:20:26","slug":"reciben-autoridades-a-mia-yatziri-primera-bebe-del-2025","status":"publish","type":"post","link":"https:\/\/www.enteratever.com\/2023\/2025\/01\/02\/reciben-autoridades-a-mia-yatziri-primera-bebe-del-2025\/","title":{"rendered":"Reciben autoridades a M\u00eda Yatziri primera beb\u00e9 del 2025"},"content":{"rendered":"<p>Visitas: 0<\/p><p>Mar\u00eda Elena Yunes Choperena directora del DIF Municipal acompa\u00f1ada por el director de Desarrollo Social Daniel Hern\u00e1ndez del \u00c1ngel dieron la bienvenida a M\u00eda Yatziry, la primera beb\u00e9 nacida en C\u00f3rdoba este 1 enero en punto de las 02:30 horas en el Hospital General C\u00f3rdoba \u00abYanga\u00bb.<\/p>\n<p>La ni\u00f1a recibi\u00f3 de manos de las autoridades un kit con art\u00edculos para beb\u00e9s como regalo ante su llegada, su madre Celia originaria del Jobo municipio de Omealca fue atendida por el Dr. Joaqu\u00edn Calatayud, subdirector del fin de semana del hospital quien acompa\u00f1\u00f3 a las autoridades del DIF y al director de Desarrollo Social Daniel Hern\u00e1ndez del \u00c1ngel que llev\u00f3 la representaci\u00f3n del alcalde Juan Mart\u00ednez Flores.<\/p>\n<p>La peque\u00f1a naci\u00f3 a las 2:30 horas del primer d\u00eda de enero, pes\u00f3 3 kilos 220 gramos y midi\u00f3 48 cm. De acuerdo al reporte m\u00e9dico, la madre y la ni\u00f1a se encuentran en buenas condiciones de salud.<\/p>\n<p>Sandra D\u00edaz del \u00e1rea de Trabajo Social del DIF acompa\u00f1\u00f3 tambi\u00e9n a la directora Mar\u00eda Elena Yunes Choperena por el recorrido en el Hospital General C\u00f3rdoba \u00abYanga\u00bb, en donde llevaron palabras de \u00e1nimo, buenos deseos y felicitaciones a la mam\u00e1.<\/p>\n<p>Tambi\u00e9n entregaron las canastillas a los \u00faltimos beb\u00e9s nacidos en el 2024 toda vez que verificaron que no hubo m\u00e1s nacimientos en otros hospitales durante las primeras horas de este nuevo a\u00f1o.<\/p>\n","protected":false},"excerpt":{"rendered":"<p>Visitas: 0Mar\u00eda Elena Yunes Choperena directora del DIF Municipal acompa\u00f1ada por el director de Desarrollo Social Daniel Hern\u00e1ndez del \u00c1ngel dieron la bienvenida a M\u00eda Yatziry, la primera beb\u00e9 nacida en C\u00f3rdoba este 1 enero en punto de las 02:30 horas en el Hospital General C\u00f3rdoba \u00abYanga\u00bb. La ni\u00f1a recibi\u00f3 de manos de las autoridades [&hellip;]<\/p>\n","protected":false},"author":2,"featured_media":221093,"comment_status":"open","ping_status":"open","sticky":false,"template":"","format":"standard","meta":{"footnotes":""},"categories":[239,236],"tags":[],"class_list":{"0":"post-221092","1":"post","2":"type-post","3":"status-publish","4":"format-standard","5":"has-post-thumbnail","7":"category-cordoba","8":"category-zona-centro"},"nelio_content":{"isAutoShareEnabled":true,"autoShareEndMode":"never","automationSources":{"useCustomSentences":false,"customSentences":[]},"followers":[7,2],"suggestedReferences":[],"efiUrl":"","efiAlt":"","highlights":[],"permalinkQueryArgs":[],"series":[]},"_links":{"self":[{"href":"https:\/\/www.enteratever.com\/2023\/wp-json\/wp\/v2\/posts\/221092","targetHints":{"allow":["GET"]}}],"collection":[{"href":"https:\/\/www.enteratever.com\/2023\/wp-json\/wp\/v2\/posts"}],"about":[{"href":"https:\/\/www.enteratever.com\/2023\/wp-json\/wp\/v2\/types\/post"}],"author":[{"embeddable":true,"href":"https:\/\/www.enteratever.com\/2023\/wp-json\/wp\/v2\/users\/2"}],"replies":[{"embeddable":true,"href":"https:\/\/www.enteratever.com\/2023\/wp-json\/wp\/v2\/comments?post=221092"}],"version-history":[{"count":1,"href":"https:\/\/www.enteratever.com\/2023\/wp-json\/wp\/v2\/posts\/221092\/revisions"}],"predecessor-version":[{"id":221094,"href":"https:\/\/www.enteratever.com\/2023\/wp-json\/wp\/v2\/posts\/221092\/revisions\/221094"}],"wp:featuredmedia":[{"embeddable":true,"href":"https:\/\/www.enteratever.com\/2023\/wp-json\/wp\/v2\/media\/221093"}],"wp:attachment":[{"href":"https:\/\/www.enteratever.com\/2023\/wp-json\/wp\/v2\/media?parent=221092"}],"wp:term":[{"taxonomy":"category","embeddable":true,"href":"https:\/\/www.enteratever.com\/2023\/wp-json\/wp\/v2\/categories?post=221092"},{"taxonomy":"post_tag","embeddable":true,"href":"https:\/\/www.enteratever.com\/2023\/wp-json\/wp\/v2\/tags?post=221092"}],"curies":[{"name":"wp","href":"https:\/\/api.w.org\/{rel}","templated":true}]}}