{"id":220875,"date":"2024-12-19T15:18:30","date_gmt":"2024-12-19T21:18:30","guid":{"rendered":"https:\/\/www.enteratever.com\/2023\/?p=220875"},"modified":"2024-12-20T15:21:19","modified_gmt":"2024-12-20T21:21:19","slug":"con-amplia-cartelera-cultural-invita-ayuntamiento-a-celebrar-epoca-decembrina","status":"publish","type":"post","link":"https:\/\/www.enteratever.com\/2023\/2024\/12\/19\/con-amplia-cartelera-cultural-invita-ayuntamiento-a-celebrar-epoca-decembrina\/","title":{"rendered":"Con amplia cartelera cultural, invita Ayuntamiento a celebrar \u00e9poca decembrina"},"content":{"rendered":"<p>Visitas: 3<\/p><p>Xalapa, Ver.- Con el fin de ofrecer una amplia variedad de actividades culturales para el disfrute y entretenimiento de las familias, durante esta temporada decembrina se realizar\u00e1n desde exposiciones y presentaciones de danza, teatro y conciertos, hasta un Foro Navide\u00f1o organizado por el Ayuntamiento de Xalapa.<\/p>\n<p>Este jueves 19 de diciembre, en el parque Benito Ju\u00e1rez, a las 14:00 horas, se llevar\u00e1 a cabo la proyecci\u00f3n de \u201cMi Pobre Angelito\u201d, dentro del programa \u201cApantallArte\u201d; a las 17:00 horas, en ese mismo sitio, se presentar\u00e1n el dueto El Primo, la Fory Five y los Tropicosos. En el Barrio M\u00e1gico de Xallitic se tendr\u00e1 el espect\u00e1culo coral \u201cNavidad con Jezreel\u201d, a las 18:00 horas.<\/p>\n<p>En el Museo Casa de Xalapa (Muxa), a las 18:00 horas, el doctor Gustavo R. Castro Ortigoza ofrecer\u00e1 un \u201cRecital de Guitarra Cl\u00e1sica\u201d, y a las 18:00 horas en el Museo de la M\u00fasica Veracruzana, \u201cCasa Do\u00f1a Falla\u201d, alumnos de piano y viol\u00edn presentar\u00e1n el \u201cRecital de Invierno\u201d.<\/p>\n<p>En el Centro Recreativo Xalape\u00f1o (CRX), a las 19:00 horas, se llevar\u00e1 a cabo la funci\u00f3n de cine \u201cSympathie pour le diable\u201d; a la misma hora, en el Teatro J.J. Herrera, se presentar\u00e1 la creaci\u00f3n colectiva \u201cEl amor de C\u00e1ntara\u201d.<\/p>\n<p>El viernes 20 de diciembre, a las 14:00 horas, en el CRX, se tendr\u00e1 la charla y proyecci\u00f3n de \u201cAnimaci\u00f3n del Estridentismo\u201d; en el Muxa, a las 16:00 horas, se impartir\u00e1 la charla \u201cLos derechos de la mujer ante la democracia\u201d. En el CRX, a las 18:00 horas, se llevar\u00e1 a cabo el Festival Navide\u00f1o 2024.<\/p>\n<p>A las 18:00 horas, en el Museo de la M\u00fasica Veracruzana, se presentar\u00e1 el ciclo de piano \u201cJ\u00f3venes Pianistas en Xalapa\u201d; en el auditorio de la IMAC, se desarrollar\u00e1 la obra \u201cLuces, c\u00e1mara y navidad\u201d, a las 18:00 y 19:30 horas.<\/p>\n<p>A partir de las 19:00 horas, se presentar\u00e1 \u201cS\u00edsife, las pieles que hemos sido\u201d, por Selene Beltr\u00e1n y David Flores Ortega, en el Teatro J. J. Herrera; a la misma hora, en el Barrio M\u00e1gico de Xallitic, se realizar\u00e1 el recorrido nocturno las \u201cLeyendas de un Nacimiento\u201d.<\/p>\n<p>El 21 de diciembre se mantiene el Foro Navide\u00f1o 2024 en el Parque Ju\u00e1rez, con diversas actividades a las 13:00 horas; mientras que a las 17:00 horas, en el Museo de la M\u00fasica Veracruzana, se presentar\u00e1 el Ensamble Xallapan, con un concierto de invierno; en el CRX se tendr\u00e1 el recital de fin de a\u00f1o de Cub\u00edculo 25, en el mismo horario.<\/p>\n<p>El domingo 22 de diciembre, a las 12:30 horas, en la IMAC se realizar\u00e1 una Gala Navide\u00f1a, a cargo de la escuela Ballet Royal Xalapa; en el Museo de la M\u00fasica Veracruzana, a las 16:00 horas, se tendr\u00e1 el recital de piano Reminiscencias 2.0.<\/p>\n<p>En la IMAC, a las 16:30 horas, se presentar\u00e1 \u201cEl Cascanueces\u201d, y a las 17:00 horas, en el parque Ju\u00e1rez, habr\u00e1 un concierto de la Orquesta Pauta Nueva.<\/p>\n","protected":false},"excerpt":{"rendered":"<p>Visitas: 3Xalapa, Ver.- Con el fin de ofrecer una amplia variedad de actividades culturales para el disfrute y entretenimiento de las familias, durante esta temporada decembrina se realizar\u00e1n desde exposiciones y presentaciones de danza, teatro y conciertos, hasta un Foro Navide\u00f1o organizado por el Ayuntamiento de Xalapa. Este jueves 19 de diciembre, en el parque [&hellip;]<\/p>\n","protected":false},"author":2,"featured_media":220877,"comment_status":"open","ping_status":"open","sticky":false,"template":"","format":"standard","meta":{"footnotes":""},"categories":[237,236],"tags":[],"class_list":{"0":"post-220875","1":"post","2":"type-post","3":"status-publish","4":"format-standard","5":"has-post-thumbnail","7":"category-xalapa","8":"category-zona-centro"},"nelio_content":{"isAutoShareEnabled":true,"autoShareEndMode":"never","automationSources":{"useCustomSentences":false,"customSentences":[]},"followers":[7,2],"suggestedReferences":[],"efiUrl":"","efiAlt":"","highlights":[],"permalinkQueryArgs":[],"series":[]},"_links":{"self":[{"href":"https:\/\/www.enteratever.com\/2023\/wp-json\/wp\/v2\/posts\/220875","targetHints":{"allow":["GET"]}}],"collection":[{"href":"https:\/\/www.enteratever.com\/2023\/wp-json\/wp\/v2\/posts"}],"about":[{"href":"https:\/\/www.enteratever.com\/2023\/wp-json\/wp\/v2\/types\/post"}],"author":[{"embeddable":true,"href":"https:\/\/www.enteratever.com\/2023\/wp-json\/wp\/v2\/users\/2"}],"replies":[{"embeddable":true,"href":"https:\/\/www.enteratever.com\/2023\/wp-json\/wp\/v2\/comments?post=220875"}],"version-history":[{"count":1,"href":"https:\/\/www.enteratever.com\/2023\/wp-json\/wp\/v2\/posts\/220875\/revisions"}],"predecessor-version":[{"id":220878,"href":"https:\/\/www.enteratever.com\/2023\/wp-json\/wp\/v2\/posts\/220875\/revisions\/220878"}],"wp:featuredmedia":[{"embeddable":true,"href":"https:\/\/www.enteratever.com\/2023\/wp-json\/wp\/v2\/media\/220877"}],"wp:attachment":[{"href":"https:\/\/www.enteratever.com\/2023\/wp-json\/wp\/v2\/media?parent=220875"}],"wp:term":[{"taxonomy":"category","embeddable":true,"href":"https:\/\/www.enteratever.com\/2023\/wp-json\/wp\/v2\/categories?post=220875"},{"taxonomy":"post_tag","embeddable":true,"href":"https:\/\/www.enteratever.com\/2023\/wp-json\/wp\/v2\/tags?post=220875"}],"curies":[{"name":"wp","href":"https:\/\/api.w.org\/{rel}","templated":true}]}}