{"id":220872,"date":"2024-12-19T15:16:09","date_gmt":"2024-12-19T21:16:09","guid":{"rendered":"https:\/\/www.enteratever.com\/2023\/?p=220872"},"modified":"2024-12-20T15:21:33","modified_gmt":"2024-12-20T21:21:33","slug":"emite-pc-municipal-recomendaciones-por-frente-frio","status":"publish","type":"post","link":"https:\/\/www.enteratever.com\/2023\/2024\/12\/19\/emite-pc-municipal-recomendaciones-por-frente-frio\/","title":{"rendered":"Emite PC Municipal recomendaciones por Frente Fr\u00edo"},"content":{"rendered":"<p>Visitas: 3<\/p><p>Xalapa, Ver.- Con el fin de salvaguardar la seguridad y evitar situaciones de riesgo que afecten a la poblaci\u00f3n, por instrucciones del alcalde Alberto Islas Reyes la Direcci\u00f3n de Protecci\u00f3n Civil Municipal emiti\u00f3 una serie de recomendaciones ante la entrada del Frente Fr\u00edo 15.<\/p>\n<p>El director de Protecci\u00f3n Civil, Francisco Luis Sardi\u00f1a Salgado, detall\u00f3 que los efectos de este evento meteorol\u00f3gico se registrar\u00edan desde este viernes hasta el domingo 22 de diciembre, provocando temperaturas entre los 7 y 10 grados.<\/p>\n<p>Coment\u00f3 que tambi\u00e9n se prev\u00e9n lluvias ligeras y rachas de viento entre 40 y 50 kil\u00f3metros por hora.<\/p>\n<p>Ante ello, exhort\u00f3 a la poblaci\u00f3n a abrigarse bien cubriendo boca y nariz, as\u00ed como cuidar a ni\u00f1as, ni\u00f1os, personas adultas mayores, con discapacidad y mascotas.<\/p>\n<p>Agreg\u00f3 que debido a las rachas de viento se podr\u00eda presentar la ca\u00edda de postes, \u00e1rboles y cables, por lo que inst\u00f3 a los ciudadanos a no acudir a parques y prevenir accidentes.<\/p>\n<p>El funcionario reiter\u00f3 que personal de la Direcci\u00f3n se mantendr\u00e1 en guardia las 24 horas del d\u00eda para brindar atenci\u00f3n durante el fin de semana.<\/p>\n","protected":false},"excerpt":{"rendered":"<p>Visitas: 3Xalapa, Ver.- Con el fin de salvaguardar la seguridad y evitar situaciones de riesgo que afecten a la poblaci\u00f3n, por instrucciones del alcalde Alberto Islas Reyes la Direcci\u00f3n de Protecci\u00f3n Civil Municipal emiti\u00f3 una serie de recomendaciones ante la entrada del Frente Fr\u00edo 15. El director de Protecci\u00f3n Civil, Francisco Luis Sardi\u00f1a Salgado, detall\u00f3 [&hellip;]<\/p>\n","protected":false},"author":2,"featured_media":220876,"comment_status":"open","ping_status":"open","sticky":false,"template":"","format":"standard","meta":{"footnotes":""},"categories":[237,236],"tags":[],"class_list":{"0":"post-220872","1":"post","2":"type-post","3":"status-publish","4":"format-standard","5":"has-post-thumbnail","7":"category-xalapa","8":"category-zona-centro"},"nelio_content":{"isAutoShareEnabled":true,"autoShareEndMode":"never","automationSources":{"useCustomSentences":false,"customSentences":[]},"followers":[7,2],"suggestedReferences":[],"efiUrl":"","efiAlt":"","highlights":[],"permalinkQueryArgs":[],"series":[]},"_links":{"self":[{"href":"https:\/\/www.enteratever.com\/2023\/wp-json\/wp\/v2\/posts\/220872","targetHints":{"allow":["GET"]}}],"collection":[{"href":"https:\/\/www.enteratever.com\/2023\/wp-json\/wp\/v2\/posts"}],"about":[{"href":"https:\/\/www.enteratever.com\/2023\/wp-json\/wp\/v2\/types\/post"}],"author":[{"embeddable":true,"href":"https:\/\/www.enteratever.com\/2023\/wp-json\/wp\/v2\/users\/2"}],"replies":[{"embeddable":true,"href":"https:\/\/www.enteratever.com\/2023\/wp-json\/wp\/v2\/comments?post=220872"}],"version-history":[{"count":1,"href":"https:\/\/www.enteratever.com\/2023\/wp-json\/wp\/v2\/posts\/220872\/revisions"}],"predecessor-version":[{"id":220879,"href":"https:\/\/www.enteratever.com\/2023\/wp-json\/wp\/v2\/posts\/220872\/revisions\/220879"}],"wp:featuredmedia":[{"embeddable":true,"href":"https:\/\/www.enteratever.com\/2023\/wp-json\/wp\/v2\/media\/220876"}],"wp:attachment":[{"href":"https:\/\/www.enteratever.com\/2023\/wp-json\/wp\/v2\/media?parent=220872"}],"wp:term":[{"taxonomy":"category","embeddable":true,"href":"https:\/\/www.enteratever.com\/2023\/wp-json\/wp\/v2\/categories?post=220872"},{"taxonomy":"post_tag","embeddable":true,"href":"https:\/\/www.enteratever.com\/2023\/wp-json\/wp\/v2\/tags?post=220872"}],"curies":[{"name":"wp","href":"https:\/\/api.w.org\/{rel}","templated":true}]}}