{"id":220755,"date":"2024-12-17T17:17:28","date_gmt":"2024-12-17T23:17:28","guid":{"rendered":"https:\/\/www.enteratever.com\/2023\/?p=220755"},"modified":"2024-12-17T17:17:28","modified_gmt":"2024-12-17T23:17:28","slug":"papantla-sede-del-festival-cervantino-en-su-programa-mas-alla-de-guanajuato","status":"publish","type":"post","link":"https:\/\/www.enteratever.com\/2023\/2024\/12\/17\/papantla-sede-del-festival-cervantino-en-su-programa-mas-alla-de-guanajuato\/","title":{"rendered":"Papantla sede del Festival Cervantino en su programa \u201cM\u00e1s all\u00e1 de Guanajuato\u201d"},"content":{"rendered":"<p>Visitas: 23<\/p><p>Con una proyecci\u00f3n de las presentaciones de la \u00d3pera de Bellas Artes as\u00ed como la Orquesta Sinf\u00f3nica de la Universidad de Guanajuato, Papantla tambi\u00e9n ser\u00e1 sede del 52 Festival Cervantino, en su programa: \u00abM\u00e1s All\u00e1 de Guanajuato\u00bb.<\/p>\n<p>El Gobierno Municipal ha dado a conocer a trav\u00e9s de Direcci\u00f3n de Turismo y Cultura que ya se coordinan con los organizadores del Festival Cervantino, y donde Papantla est\u00e1 contemplada para las actividades que enmarcan dicha celebraci\u00f3n.<\/p>\n<p>Como tal la proyecci\u00f3n se har\u00e1 el pr\u00f3ximo lunes 23 de diciembre en punto de las 19:30 horas en la explanada del Palacio Municipal, por lo que se invita a la ciudadan\u00eda papanteca a formar parte de estas actividades.<\/p>\n<p>As\u00ed la ciudad se suma a las actividades de difusi\u00f3n y promoci\u00f3n de la cultura. El programa \u00abM\u00e1s All\u00e1 de Guanajuato\u00bb, proyecta el arte y grandeza de la fiesta de las expresiones esc\u00e9nicas, que se vivieron en el 52 Festival Internacional Cervantino.<\/p>\n<p>En ediciones anteriores \u00abM\u00e1s All\u00e1 de Guanajuato\u00bb ha sido llevado a diferentes lugares de M\u00e9xico e incluso ha traspasado fronteras llegando a Estados Unidos, Espa\u00f1a y la Rep\u00fablica Isl\u00e1mica de Ir\u00e1n.<\/p>\n<p><img loading=\"lazy\" decoding=\"async\" src=\"https:\/\/www.enteratever.com\/2023\/wp-content\/uploads\/2024\/12\/WhatsApp-Image-2024-12-17-at-4.24.53-PM-300x300.jpeg\" alt=\"\" width=\"300\" height=\"300\" class=\"alignnone size-medium wp-image-220756\" srcset=\"https:\/\/www.enteratever.com\/2023\/wp-content\/uploads\/2024\/12\/WhatsApp-Image-2024-12-17-at-4.24.53-PM-300x300.jpeg 300w, https:\/\/www.enteratever.com\/2023\/wp-content\/uploads\/2024\/12\/WhatsApp-Image-2024-12-17-at-4.24.53-PM-1024x1024.jpeg 1024w, https:\/\/www.enteratever.com\/2023\/wp-content\/uploads\/2024\/12\/WhatsApp-Image-2024-12-17-at-4.24.53-PM-150x150.jpeg 150w, https:\/\/www.enteratever.com\/2023\/wp-content\/uploads\/2024\/12\/WhatsApp-Image-2024-12-17-at-4.24.53-PM-768x768.jpeg 768w, https:\/\/www.enteratever.com\/2023\/wp-content\/uploads\/2024\/12\/WhatsApp-Image-2024-12-17-at-4.24.53-PM-1536x1536.jpeg 1536w, https:\/\/www.enteratever.com\/2023\/wp-content\/uploads\/2024\/12\/WhatsApp-Image-2024-12-17-at-4.24.53-PM-420x420.jpeg 420w, https:\/\/www.enteratever.com\/2023\/wp-content\/uploads\/2024\/12\/WhatsApp-Image-2024-12-17-at-4.24.53-PM-696x696.jpeg 696w, https:\/\/www.enteratever.com\/2023\/wp-content\/uploads\/2024\/12\/WhatsApp-Image-2024-12-17-at-4.24.53-PM-1068x1068.jpeg 1068w, https:\/\/www.enteratever.com\/2023\/wp-content\/uploads\/2024\/12\/WhatsApp-Image-2024-12-17-at-4.24.53-PM.jpeg 1600w\" sizes=\"auto, (max-width: 300px) 100vw, 300px\" \/><\/p>\n","protected":false},"excerpt":{"rendered":"<p>Visitas: 23Con una proyecci\u00f3n de las presentaciones de la \u00d3pera de Bellas Artes as\u00ed como la Orquesta Sinf\u00f3nica de la Universidad de Guanajuato, Papantla tambi\u00e9n ser\u00e1 sede del 52 Festival Cervantino, en su programa: \u00abM\u00e1s All\u00e1 de Guanajuato\u00bb. El Gobierno Municipal ha dado a conocer a trav\u00e9s de Direcci\u00f3n de Turismo y Cultura que ya [&hellip;]<\/p>\n","protected":false},"author":3,"featured_media":220757,"comment_status":"open","ping_status":"open","sticky":false,"template":"","format":"standard","meta":{"footnotes":""},"categories":[299,215,219],"tags":[],"class_list":{"0":"post-220755","1":"post","2":"type-post","3":"status-publish","4":"format-standard","5":"has-post-thumbnail","7":"category-notas-locales","8":"category-papantla","9":"category-zona-norte"},"nelio_content":{"isAutoShareEnabled":true,"autoShareEndMode":"never","automationSources":{"useCustomSentences":false,"customSentences":[]},"followers":[7,3],"suggestedReferences":[],"efiUrl":"","efiAlt":"","highlights":[],"permalinkQueryArgs":[],"series":[]},"_links":{"self":[{"href":"https:\/\/www.enteratever.com\/2023\/wp-json\/wp\/v2\/posts\/220755","targetHints":{"allow":["GET"]}}],"collection":[{"href":"https:\/\/www.enteratever.com\/2023\/wp-json\/wp\/v2\/posts"}],"about":[{"href":"https:\/\/www.enteratever.com\/2023\/wp-json\/wp\/v2\/types\/post"}],"author":[{"embeddable":true,"href":"https:\/\/www.enteratever.com\/2023\/wp-json\/wp\/v2\/users\/3"}],"replies":[{"embeddable":true,"href":"https:\/\/www.enteratever.com\/2023\/wp-json\/wp\/v2\/comments?post=220755"}],"version-history":[{"count":1,"href":"https:\/\/www.enteratever.com\/2023\/wp-json\/wp\/v2\/posts\/220755\/revisions"}],"predecessor-version":[{"id":220758,"href":"https:\/\/www.enteratever.com\/2023\/wp-json\/wp\/v2\/posts\/220755\/revisions\/220758"}],"wp:featuredmedia":[{"embeddable":true,"href":"https:\/\/www.enteratever.com\/2023\/wp-json\/wp\/v2\/media\/220757"}],"wp:attachment":[{"href":"https:\/\/www.enteratever.com\/2023\/wp-json\/wp\/v2\/media?parent=220755"}],"wp:term":[{"taxonomy":"category","embeddable":true,"href":"https:\/\/www.enteratever.com\/2023\/wp-json\/wp\/v2\/categories?post=220755"},{"taxonomy":"post_tag","embeddable":true,"href":"https:\/\/www.enteratever.com\/2023\/wp-json\/wp\/v2\/tags?post=220755"}],"curies":[{"name":"wp","href":"https:\/\/api.w.org\/{rel}","templated":true}]}}