{"id":220533,"date":"2024-12-10T10:42:26","date_gmt":"2024-12-10T16:42:26","guid":{"rendered":"https:\/\/www.enteratever.com\/2023\/?p=220533"},"modified":"2024-12-10T10:42:26","modified_gmt":"2024-12-10T16:42:26","slug":"invita-ayuntamiento-de-xalapa-a-vivir-una-semana-cultural","status":"publish","type":"post","link":"https:\/\/www.enteratever.com\/2023\/2024\/12\/10\/invita-ayuntamiento-de-xalapa-a-vivir-una-semana-cultural\/","title":{"rendered":"Invita Ayuntamiento de Xalapa a vivir una semana cultural"},"content":{"rendered":"<p>Visitas: 2<\/p><p>Xalapa, Ver.- Conciertos, teatro, cine, ballet, una posada con Tlen Huicani y el encendido de un \u00e1rbol navide\u00f1o, forman parte de la cartelera cultural que se ofrecer\u00e1 esta semana en espacios p\u00fablicos del municipio.<\/p>\n<p>Este lunes 9 de diciembre, a las 17:00 horas, la comunidad musical CODA tendr\u00e1 un concierto en el Centro Recreativo Xalape\u00f1o (CRX). A las 18:00 horas, se presentar\u00e1 el espect\u00e1culo \u201cLa peque\u00f1a cerillera, un triste cuento de Navidad\u201d, a cargo de Piccolina Pirouette.<\/p>\n<p>El martes 10 de diciembre a las 13:00 horas, la Academia de Ballet Cubano ABC tendr\u00e1 una funci\u00f3n de el \u201cCascanueces Latinoamericano\u201d en el Teatro J.J. Herrera.<\/p>\n<p>A las 18:00 horas, el Centro de Iniciaci\u00f3n Musical Infantil Xalapa de la Universidad Veracruzana llevar\u00e1 a cabo el recital de viol\u00edn y piano: \u201cNotas de diciembre\u201d, en el Museo de la M\u00fasica Veracruzana.<\/p>\n<p>En el Teatro J.J. Herrera, a las 18:00 horas, como parte del Movie-Martes, se proyectar\u00e1 \u201cMetropolitan\u201d, de Whit Stillman.<\/p>\n<p>El mi\u00e9rcoles 11 de diciembre se presentar\u00e1 \u201cEl Gran Show Man\u201d, a las 11:00 horas, en el auditorio de la IMAC, posteriormente se podr\u00e1 disfrutar del concierto \u201cDin, Don, Dan, canciones de navidad\u201d, con el Dueto Mela\u00b4O, en el Museo Casa de Xalapa (MUXA). A las 19:00 horas se tendr\u00e1 la obra \u201cJes\u00fas no quiere nacer\u201d, de Teatro Umbral, en el Barrio M\u00e1gico de Xallitic.<\/p>\n<p>A las 18:00 horas en el Museo de la M\u00fasica Veracruzana, la Camerata Coral de la FMUV ofrecer\u00e1 el concierto \u201cCantemos a la Navidad\u201d. El Tributo a Bruno Mars se desarrollar\u00e1 a las 19:00 horas en el Teatro J.J. Herrera. Y para los m\u00e1s peque\u00f1os se tendr\u00e1 el Festival Navide\u00f1o \u201cBallet Kids\u201d, en el CRX, a las 16:30 y 18:00 horas.<\/p>\n<p>El jueves 12 de diciembre, a las 17:00 horas, se desarrollar\u00e1n las \u201cTardes de Xallitic\u201d; a la misma hora en el Teatro J. J. Herrera, ART\u00cdFICE presentar\u00e1 la funci\u00f3n de danza: \u201cPr\u00e1cticas esc\u00e9nicas, invierno 24\u201d.<\/p>\n<p>A las 19:00 horas, en el CRX, se proyectar\u00e1 \u201cCaiti Blues\u201d, como parte del ciclo de cine \u201cCanad\u00e1 en la Pantalla\u201d, presentado por la Red Xalape\u00f1a de Cine Clubes. El viernes 13 de diciembre, a las 17:00 horas, se presentar\u00e1 el libro \u201cPalabras al viento\u201d, de Leonel Plaza Aldazaba, en el MUXA.<\/p>\n<p>A las 19:00 horas, en el Museo de la M\u00fasica Veracruzana se inaugurar\u00e1 la exposici\u00f3n \u201cNacimientos en miniatura\u201d; adem\u00e1s, en este mismo recinto, se tendr\u00e1 \u201cPunchis, punchis\u201d. En el Teatro J. J. Herrera se presentar\u00e1 \u201cHistorias de tango, para no creer en el amor\u201d.<\/p>\n<p>Asimismo, se llevar\u00e1 a cabo una posada navide\u00f1a con el Grupo Tlen Huicani y el Ensamble XalArpa, en el Barrio M\u00e1gico Xallitic, a las 19:00 horas.<\/p>\n<p>El s\u00e1bado 14 de diciembre, el show de Chispita, Pelusho y Tribil\u00edn llega a las 14:00 horas al Parque \u201cLos Berros\u201d, y en el CRX Sergio Abel Gaona presentar\u00e1 el libro \u201cWhat If\u2026 Arquitectura\u201d.<\/p>\n<p>A las 16:00 horas, en el MUXA se tendr\u00e1 la charla \u201cLa cultura como derecho humano\u201d. A las 17:00 horas, habr\u00e1 un recital de guitarra con Jes\u00fas Viveros en el Museo de la M\u00fasica Veracruzana, seguido por el recital de alumnos \u201cDulce Navidad\u201d, a las 17:30 horas, en el CRX, evento presentado por la Escuela de M\u00fasica \u201cEnclave de Sol\u201d.<\/p>\n<p>A las 18:00 horas se realizar\u00e1 el concierto \u201cDin, Don Dan, canciones navide\u00f1as\u201d, con Grace y Miguel, en el MUXA, y a las 19:00 horas, un concierto navide\u00f1o en el Teatro J. J. Herrera, a cargo de Eduardo Carlos Ju\u00e1rez L\u00f3pez y Desetet B\u00e1ez Mora.<\/p>\n<p>El domingo 15 de diciembre el Colectivo Tomar la Calle tendr\u00e1 la expo-venta \u201cFotogr\u00e1fico\u201d, a las 10:00 horas, en el CRX. A las 12:00 horas, el D\u00eda del Payaso se celebrar\u00e1 con Chispita Show y sus invitados en el Parque Ju\u00e1rez. En el Teatro J. J. Herrera se presentar\u00e1 la cruzada musical \u201cEl Libro Vermell\u201d.<\/p>\n<p>Tambi\u00e9n se llevar\u00e1n cabo los Domingos Familiares en el parque Ju\u00e1rez, donde destacan las actividades: Loter\u00eda Cultural, Mercado de Hojas, el taller Pintarte y juegos aut\u00f3ctonos.<\/p>\n<p>A las 17:00 horas regresa al Parque Ju\u00e1rez Danz\u00f3n Pa\u2019l Coraz\u00f3n, mientras que en el Museo de la M\u00fasica Veracruzana, se presentar\u00e1 el tr\u00edo \u201cLos 3 de Xalapa\u201d. A las 18:00 horas, el Centro Cultural \u201cAndanzas\u201d ofrece Lunas de Oriente, en el Teatro J. J. Herrera.<\/p>\n<p>La jornada cultural culminar\u00e1 con el encendido de un \u00e1rbol navide\u00f1o, a las 19:00 horas, en el Colegio Preparatorio de Xalapa, con la presentaci\u00f3n de la Orquesta Pauta Nueva. A las 20:00 horas en el Parque Ju\u00e1rez se presentar\u00e1 el proyecto \u201cCombiscopio\u201d y \u201cUn disfraz para Nicol\u00e1s\u201d, dentro del programa ApantallArte.<\/p>\n","protected":false},"excerpt":{"rendered":"<p>Visitas: 2Xalapa, Ver.- Conciertos, teatro, cine, ballet, una posada con Tlen Huicani y el encendido de un \u00e1rbol navide\u00f1o, forman parte de la cartelera cultural que se ofrecer\u00e1 esta semana en espacios p\u00fablicos del municipio. Este lunes 9 de diciembre, a las 17:00 horas, la comunidad musical CODA tendr\u00e1 un concierto en el Centro Recreativo [&hellip;]<\/p>\n","protected":false},"author":2,"featured_media":220534,"comment_status":"open","ping_status":"open","sticky":false,"template":"","format":"standard","meta":{"footnotes":""},"categories":[237,236],"tags":[],"class_list":{"0":"post-220533","1":"post","2":"type-post","3":"status-publish","4":"format-standard","5":"has-post-thumbnail","7":"category-xalapa","8":"category-zona-centro"},"nelio_content":{"isAutoShareEnabled":true,"autoShareEndMode":"never","automationSources":{"useCustomSentences":false,"customSentences":[]},"followers":[7,2],"suggestedReferences":[],"efiUrl":"","efiAlt":"","highlights":[],"permalinkQueryArgs":[],"series":[]},"_links":{"self":[{"href":"https:\/\/www.enteratever.com\/2023\/wp-json\/wp\/v2\/posts\/220533","targetHints":{"allow":["GET"]}}],"collection":[{"href":"https:\/\/www.enteratever.com\/2023\/wp-json\/wp\/v2\/posts"}],"about":[{"href":"https:\/\/www.enteratever.com\/2023\/wp-json\/wp\/v2\/types\/post"}],"author":[{"embeddable":true,"href":"https:\/\/www.enteratever.com\/2023\/wp-json\/wp\/v2\/users\/2"}],"replies":[{"embeddable":true,"href":"https:\/\/www.enteratever.com\/2023\/wp-json\/wp\/v2\/comments?post=220533"}],"version-history":[{"count":1,"href":"https:\/\/www.enteratever.com\/2023\/wp-json\/wp\/v2\/posts\/220533\/revisions"}],"predecessor-version":[{"id":220536,"href":"https:\/\/www.enteratever.com\/2023\/wp-json\/wp\/v2\/posts\/220533\/revisions\/220536"}],"wp:featuredmedia":[{"embeddable":true,"href":"https:\/\/www.enteratever.com\/2023\/wp-json\/wp\/v2\/media\/220534"}],"wp:attachment":[{"href":"https:\/\/www.enteratever.com\/2023\/wp-json\/wp\/v2\/media?parent=220533"}],"wp:term":[{"taxonomy":"category","embeddable":true,"href":"https:\/\/www.enteratever.com\/2023\/wp-json\/wp\/v2\/categories?post=220533"},{"taxonomy":"post_tag","embeddable":true,"href":"https:\/\/www.enteratever.com\/2023\/wp-json\/wp\/v2\/tags?post=220533"}],"curies":[{"name":"wp","href":"https:\/\/api.w.org\/{rel}","templated":true}]}}