{"id":220427,"date":"2024-12-08T08:57:20","date_gmt":"2024-12-08T14:57:20","guid":{"rendered":"https:\/\/www.enteratever.com\/2023\/?p=220427"},"modified":"2024-12-09T09:03:10","modified_gmt":"2024-12-09T15:03:10","slug":"se-reunen-organizadores-de-la-expo-movilidad-y-seguridad-vial-2024-con-alcalde-de-cordoba","status":"publish","type":"post","link":"https:\/\/www.enteratever.com\/2023\/2024\/12\/08\/se-reunen-organizadores-de-la-expo-movilidad-y-seguridad-vial-2024-con-alcalde-de-cordoba\/","title":{"rendered":"Se re\u00fanen organizadores de la Expo Movilidad y Seguridad Vial 2024 con alcalde de C\u00f3rdoba"},"content":{"rendered":"<p>Visitas: 1<\/p><p>Con la finalidad de fomentar una campa\u00f1a de concientizaci\u00f3n hacia la gente en materia de seguridad vial, resaltando que hace falta material de prevenci\u00f3n, Luis Alfredo Ch\u00e1vez Ochoa se reuni\u00f3 con el alcalde Juan Mart\u00ednez Flores a quien le manifestaron la idea de crear un Observatorio Ciudadano Movilidad y Cultura Vial y un Consejo Cient\u00edfico Asesor.<\/p>\n<p>Luis Alfredo Ch\u00e1vez Ochoa acompa\u00f1ado por Alberto Mario Garc\u00eda L\u00f3pez promotores del Primer Congreso de Movilidad y Seguridad Vial de la ciudad de C\u00f3rdoba, Veracruz que se llev\u00f3 a cabo los d\u00edas 22 y 23 de noviembre dio a conocer a la primera autoridad de C\u00f3rdoba los resultados tras la realizaci\u00f3n del evento.<\/p>\n<p>\u00abTenemos que hacer un llamado a empresas, transportistas, peatones, servicio p\u00fablico y ciudadan\u00eda en general porque nos falta se\u00f1alizaci\u00f3n. Tenemos un delicado tema con los Scooter; vemos motocicletas sin casco, con ni\u00f1os y sin luces, eso no ayuda en nada. Hay que hacer mucha conciencia, y si no est\u00e1 reglamentado es peor\u00bb, manifest\u00f3.<\/p>\n<p>Ch\u00e1vez Ochoa solicit\u00f3, poder buscar que el Reglamento Municipal de Protecci\u00f3n Civil vaya homologado o con la nueva Ley de Movilidad Vial del 2022, \u00abcreo que podr\u00edamos hacer ah\u00ed una sinergia por el bien de todos porque la Ley general de movilidad y Seguridad Vial publicada en ese a\u00f1o se pide la homologaci\u00f3n del reglamento con esa ley\u00bb, agreg\u00f3.<\/p>\n<p>Por su parte, el presidente Juan Mart\u00ednez Flores dijo: \u00abAcerca de conformar el consejo, cuente con ello. Nosotros lo acompa\u00f1aremos para que tenga la mayor formalidad posible. Que el trabajo hable por nosotros. Al final de cuentas, todos ganamos. La ciudadan\u00eda gana, evitamos un accidente mayor fatal. Nosotros, por ir caminando de la mano con ustedes, ganamos\u00bb.<\/p>\n<p>Se\u00f1al\u00f3 que simpre lo ha expresado: \u00abquiero caminar de la mano, acompa\u00f1ado de la sociedad civil, los acompa\u00f1aremos en la medida de nuestras posibilidades\u00bb.<\/p>\n<p>Luis Alfredo Ch\u00e1vez Ochoa dijo que tras la realizaci\u00f3n del Primer Congreso de Movilidad y Seguridad Vial de la ciudad de C\u00f3rdoba, Veracruz, los d\u00edas 22 y 23 de noviembre se llegaron a acuerdos y conclusiones que incluyeron conformar un observatorio ciudadano en materia de movilidad, cultura y seguridad vial, as\u00ed como promover participaci\u00f3n ciudadana, mejorar la movilidad y fomentar la cultura vial responsable y respetuosa.<\/p>\n<p>Adem\u00e1s, con base en esta participaci\u00f3n, estar\u00edan presentes autoridades como el cuerpo de Bomberos Voluntarios de C\u00f3rdoba, que tiene propuestas de proyectos de rehabilitaci\u00f3n de banquetas y vialidades, y se\u00f1alizaci\u00f3n adecuada.<\/p>\n<p>Coparmex C\u00f3rdoba hizo sus propuestas de andadores en la calle 10, calle 28 y avenida 9. Adem\u00e1s, se sum\u00f3 el Colegio de Arquitectos de C\u00f3rdoba Orizaba, que propuso reactivar las ciclov\u00edas y el caminatorio para promover salud y cuidado del medio ambiente.<\/p>\n<p>Canacope propuso actualizar el plan de movilidad. El Club Rotario de C\u00f3rdoba Quijote propuso considerar prioritaria la inclusi\u00f3n de las rampas de acceso y sincronizar los sem\u00e1foros existentes.<\/p>\n<p>Tambi\u00e9n, dentro de las propuestas, la licenciada en geograf\u00eda Celia L\u00f3pez Miguel, catedr\u00e1tica de la UNAM, pidi\u00f3 que se actualizara el Atlas de riesgo municipal. Taxi m\u00e1s f\u00e1cil propuso implementar el \u00abuno por uno\u00bb en toda la ciudad.<\/p>\n<p>As\u00ed que, en materia de seguridad vial, capacitar mejor a los agentes viales mejorar\u00eda la circulaci\u00f3n y las vialidades. Ser\u00eda la uni\u00f3n de organizaciones e instituciones ciudadanas y universitarias de C\u00f3rdoba, quienes participar\u00edan en este consejo para que sea una ciudad con crecimiento ordenado y moderno.<\/p>\n","protected":false},"excerpt":{"rendered":"<p>Visitas: 1Con la finalidad de fomentar una campa\u00f1a de concientizaci\u00f3n hacia la gente en materia de seguridad vial, resaltando que hace falta material de prevenci\u00f3n, Luis Alfredo Ch\u00e1vez Ochoa se reuni\u00f3 con el alcalde Juan Mart\u00ednez Flores a quien le manifestaron la idea de crear un Observatorio Ciudadano Movilidad y Cultura Vial y un Consejo [&hellip;]<\/p>\n","protected":false},"author":2,"featured_media":220430,"comment_status":"open","ping_status":"open","sticky":false,"template":"","format":"standard","meta":{"footnotes":""},"categories":[239,236],"tags":[],"class_list":{"0":"post-220427","1":"post","2":"type-post","3":"status-publish","4":"format-standard","5":"has-post-thumbnail","7":"category-cordoba","8":"category-zona-centro"},"nelio_content":{"isAutoShareEnabled":true,"autoShareEndMode":"never","automationSources":{"useCustomSentences":false,"customSentences":[]},"followers":[7,2],"suggestedReferences":[],"efiUrl":"","efiAlt":"","highlights":[],"permalinkQueryArgs":[],"series":[]},"_links":{"self":[{"href":"https:\/\/www.enteratever.com\/2023\/wp-json\/wp\/v2\/posts\/220427","targetHints":{"allow":["GET"]}}],"collection":[{"href":"https:\/\/www.enteratever.com\/2023\/wp-json\/wp\/v2\/posts"}],"about":[{"href":"https:\/\/www.enteratever.com\/2023\/wp-json\/wp\/v2\/types\/post"}],"author":[{"embeddable":true,"href":"https:\/\/www.enteratever.com\/2023\/wp-json\/wp\/v2\/users\/2"}],"replies":[{"embeddable":true,"href":"https:\/\/www.enteratever.com\/2023\/wp-json\/wp\/v2\/comments?post=220427"}],"version-history":[{"count":2,"href":"https:\/\/www.enteratever.com\/2023\/wp-json\/wp\/v2\/posts\/220427\/revisions"}],"predecessor-version":[{"id":220432,"href":"https:\/\/www.enteratever.com\/2023\/wp-json\/wp\/v2\/posts\/220427\/revisions\/220432"}],"wp:featuredmedia":[{"embeddable":true,"href":"https:\/\/www.enteratever.com\/2023\/wp-json\/wp\/v2\/media\/220430"}],"wp:attachment":[{"href":"https:\/\/www.enteratever.com\/2023\/wp-json\/wp\/v2\/media?parent=220427"}],"wp:term":[{"taxonomy":"category","embeddable":true,"href":"https:\/\/www.enteratever.com\/2023\/wp-json\/wp\/v2\/categories?post=220427"},{"taxonomy":"post_tag","embeddable":true,"href":"https:\/\/www.enteratever.com\/2023\/wp-json\/wp\/v2\/tags?post=220427"}],"curies":[{"name":"wp","href":"https:\/\/api.w.org\/{rel}","templated":true}]}}