{"id":220403,"date":"2024-12-06T15:41:24","date_gmt":"2024-12-06T21:41:24","guid":{"rendered":"https:\/\/www.enteratever.com\/2023\/?p=220403"},"modified":"2024-12-06T15:41:24","modified_gmt":"2024-12-06T21:41:24","slug":"en-veracruz-han-bajado-indices-de-inseguridad-rocio-nahle-tras-alerta-de-francia","status":"publish","type":"post","link":"https:\/\/www.enteratever.com\/2023\/2024\/12\/06\/en-veracruz-han-bajado-indices-de-inseguridad-rocio-nahle-tras-alerta-de-francia\/","title":{"rendered":"En Veracruz han bajado \u00edndices de inseguridad: Roc\u00edo Nahle tras alerta de Francia"},"content":{"rendered":"<p>Visitas: 2<\/p><p>Francia ha desaconsejado a acad\u00e9micos de ese pa\u00eds asistir a un evento acad\u00e9mico en Xalapa, Veracruz, debido a preocupaciones sobre la seguridad en M\u00e9xico, seg\u00fan inform\u00f3 Mart\u00edn Aguilar S\u00e1nchez, rector de la Universidad Veracruzana (UV).<\/p>\n<p>Al respecto, la gobernadora Roc\u00edo Nahle, se\u00f1al\u00f3 que no ten\u00eda conocimiento de ello, sin embargo, afirm\u00f3 que en Veracruz hay condiciones de seguridad.<\/p>\n<p>\u00abEn Veracruz los \u00edndices de inseguridad han bajado much\u00edsimo, tenemos que seguir trabajando, creo que la llegada del secretario de Seguridad P\u00fablica, con todo el equipo que viene, vamos a avanzar m\u00e1s en el tema, desconoc\u00eda esta alerta de Francia, aqu\u00ed en Xalapa hay seguridad, dijo en conferencia de prensa desde Palacio de Gobierno.<\/p>\n<p>\u00abHay una estrategia, estoy muy contenta con el secretario de Seguridad, lleg\u00f3 con un equipo, cada uno especializada en temas de seguridad, estamos trabajando en ello\u00bb, a\u00f1adi\u00f3.<\/p>\n<p>XEU<\/p>\n","protected":false},"excerpt":{"rendered":"<p>Visitas: 2Francia ha desaconsejado a acad\u00e9micos de ese pa\u00eds asistir a un evento acad\u00e9mico en Xalapa, Veracruz, debido a preocupaciones sobre la seguridad en M\u00e9xico, seg\u00fan inform\u00f3 Mart\u00edn Aguilar S\u00e1nchez, rector de la Universidad Veracruzana (UV). Al respecto, la gobernadora Roc\u00edo Nahle, se\u00f1al\u00f3 que no ten\u00eda conocimiento de ello, sin embargo, afirm\u00f3 que en Veracruz [&hellip;]<\/p>\n","protected":false},"author":2,"featured_media":157865,"comment_status":"open","ping_status":"open","sticky":false,"template":"","format":"standard","meta":{"footnotes":""},"categories":[237,236],"tags":[],"class_list":{"0":"post-220403","1":"post","2":"type-post","3":"status-publish","4":"format-standard","5":"has-post-thumbnail","7":"category-xalapa","8":"category-zona-centro"},"nelio_content":{"isAutoShareEnabled":true,"autoShareEndMode":"never","automationSources":{"useCustomSentences":false,"customSentences":[]},"followers":[7,2],"suggestedReferences":[],"efiUrl":"","efiAlt":"","highlights":[],"permalinkQueryArgs":[],"series":[]},"_links":{"self":[{"href":"https:\/\/www.enteratever.com\/2023\/wp-json\/wp\/v2\/posts\/220403","targetHints":{"allow":["GET"]}}],"collection":[{"href":"https:\/\/www.enteratever.com\/2023\/wp-json\/wp\/v2\/posts"}],"about":[{"href":"https:\/\/www.enteratever.com\/2023\/wp-json\/wp\/v2\/types\/post"}],"author":[{"embeddable":true,"href":"https:\/\/www.enteratever.com\/2023\/wp-json\/wp\/v2\/users\/2"}],"replies":[{"embeddable":true,"href":"https:\/\/www.enteratever.com\/2023\/wp-json\/wp\/v2\/comments?post=220403"}],"version-history":[{"count":1,"href":"https:\/\/www.enteratever.com\/2023\/wp-json\/wp\/v2\/posts\/220403\/revisions"}],"predecessor-version":[{"id":220404,"href":"https:\/\/www.enteratever.com\/2023\/wp-json\/wp\/v2\/posts\/220403\/revisions\/220404"}],"wp:featuredmedia":[{"embeddable":true,"href":"https:\/\/www.enteratever.com\/2023\/wp-json\/wp\/v2\/media\/157865"}],"wp:attachment":[{"href":"https:\/\/www.enteratever.com\/2023\/wp-json\/wp\/v2\/media?parent=220403"}],"wp:term":[{"taxonomy":"category","embeddable":true,"href":"https:\/\/www.enteratever.com\/2023\/wp-json\/wp\/v2\/categories?post=220403"},{"taxonomy":"post_tag","embeddable":true,"href":"https:\/\/www.enteratever.com\/2023\/wp-json\/wp\/v2\/tags?post=220403"}],"curies":[{"name":"wp","href":"https:\/\/api.w.org\/{rel}","templated":true}]}}