{"id":220229,"date":"2024-12-04T11:37:51","date_gmt":"2024-12-04T17:37:51","guid":{"rendered":"https:\/\/www.enteratever.com\/2023\/?p=220229"},"modified":"2024-12-04T11:37:51","modified_gmt":"2024-12-04T17:37:51","slug":"participa-en-las-actividades-del-tradicional-dia-del-nino-perdido-en-el-municipio-de-tuxpan","status":"publish","type":"post","link":"https:\/\/www.enteratever.com\/2023\/2024\/12\/04\/participa-en-las-actividades-del-tradicional-dia-del-nino-perdido-en-el-municipio-de-tuxpan\/","title":{"rendered":"Participa en las actividades del tradicional D\u00eda del Ni\u00f1o Perdido en el municipio de Tuxpan"},"content":{"rendered":"<p>Visitas: 4<\/p><p>La Secretar\u00eda de Cultura de Veracruz, en coordinaci\u00f3n con el H. Ayuntamiento de Tuxpan, Ver., invita a participar en las actividades con motivo de la tradicional celebraci\u00f3n del D\u00eda del Ni\u00f1o Perdido que se llevar\u00e1n a cabo el viernes 6 y s\u00e1bado 7 de diciembre, fortaleciendo el sincretismo cultural de la regi\u00f3n huasteca y promoviendo la convivencia familiar por medio de la fe, en la religiosidad popular y los relatos b\u00edblicos. Las actividades son gratuitas y para todo el p\u00fablico.<\/p>\n<p>La celebraci\u00f3n inicia el viernes 6 de diciembre a las 14:00 horas con la apertura del evento que incluye un recorrido por la expoventa artesanal donde participan las tejedoras del proyecto Tejiendo Sue\u00f1os, con hermosas artesan\u00edas textiles de algod\u00f3n, originarias de la localidad de San Pedro Coyutla en el municipio de Chalma. Tambi\u00e9n estar\u00e1n presentes productores de piel originarios del municipio de Citlalt\u00e9petl, de fibras vegetales provenientes del municipio de Tantoyuca, de canela y pimienta oriundos de Papantla, as\u00ed como de textiles y bordados del municipio de Benito Ju\u00e1rez y la localidad de Chicontepec de Tejeda. Igualmente, habr\u00e1 una muestra gastron\u00f3mica de la regi\u00f3n Huasteca, en donde se podr\u00e1 degustar diversos platillos tradicionales.<\/p>\n<p>El s\u00e1bado 7 de diciembre las actividades inician a las 18:50 horas con el acto protocolario de la celebraci\u00f3n. A las 19:15 se realizar\u00e1 el tradicional concurso de carritos que forman parte del recorrido por las calles del municipio de Tuxpan y a las 20:00 horas se presentar\u00e1 el Ensamble Tradicional Comunitario de Son Huasteco \u201cKuit\u00f3l T\u00e9nek\u201d de Naranjos-Amatl\u00e1n, beneficiario del Programa Apoyo a la Infraestructura Cultural de los Estados (PAICE). Este tr\u00edo cuenta con un repertorio que incluye sones tradicionales, huapangos y piezas de la m\u00fasica popular de la regi\u00f3n Huasteca. Tambi\u00e9n participar\u00e1 el Taller de m\u00fasica Huasteca \u201cSemillas del Balc\u00f3n\u201d, un proyecto dedicado a la promoci\u00f3n, difusi\u00f3n y ense\u00f1anza de la m\u00fasica Huasteca de Chicontepec, Ver. A las 23:00 horas se realizar\u00e1 el protocolo de clausura.<\/p>\n<p>La tradicional celebraci\u00f3n del Ni\u00f1o Perdido se realiza anualmente en este y otros municipios, colmando la ciudad con luces, rezos y devoci\u00f3n en honor al episodio del ni\u00f1o Jes\u00fas perdido en el templo, como se relata en el Evangelio de San Lucas. La festividad no s\u00f3lo es un acto de fe, sino tambi\u00e9n un recordatorio de la importancia de la familia y la esperanza en momentos de dificultad. Adem\u00e1s, es muestra de c\u00f3mo las tradiciones religiosas se adaptan y perviven en la cultura veracruzana.<\/p>\n<p>Asiste a las actividades del tradicional D\u00eda del Ni\u00f1o Perdido el viernes 6 y s\u00e1bado 7 de diciembre en el municipio de Tuxpan. Conoce m\u00e1s informaci\u00f3n en las redes sociales del Municipio de Tuxpan y de su Direcci\u00f3n de Turismo. Conoce toda la oferta cultural de la Secretar\u00eda de Cultura de Veracruz en las redes sociales de la @SECVERoficial y visita el sitio web oficial www.culturaveracruz.gob.mx.<\/p>\n","protected":false},"excerpt":{"rendered":"<p>Visitas: 4La Secretar\u00eda de Cultura de Veracruz, en coordinaci\u00f3n con el H. Ayuntamiento de Tuxpan, Ver., invita a participar en las actividades con motivo de la tradicional celebraci\u00f3n del D\u00eda del Ni\u00f1o Perdido que se llevar\u00e1n a cabo el viernes 6 y s\u00e1bado 7 de diciembre, fortaleciendo el sincretismo cultural de la regi\u00f3n huasteca y [&hellip;]<\/p>\n","protected":false},"author":2,"featured_media":220231,"comment_status":"open","ping_status":"open","sticky":false,"template":"","format":"standard","meta":{"footnotes":""},"categories":[237,236],"tags":[],"class_list":{"0":"post-220229","1":"post","2":"type-post","3":"status-publish","4":"format-standard","5":"has-post-thumbnail","7":"category-xalapa","8":"category-zona-centro"},"nelio_content":{"isAutoShareEnabled":true,"autoShareEndMode":"never","automationSources":{"useCustomSentences":false,"customSentences":[]},"followers":[7,2],"suggestedReferences":[],"efiUrl":"","efiAlt":"","highlights":[],"permalinkQueryArgs":[],"series":[]},"_links":{"self":[{"href":"https:\/\/www.enteratever.com\/2023\/wp-json\/wp\/v2\/posts\/220229","targetHints":{"allow":["GET"]}}],"collection":[{"href":"https:\/\/www.enteratever.com\/2023\/wp-json\/wp\/v2\/posts"}],"about":[{"href":"https:\/\/www.enteratever.com\/2023\/wp-json\/wp\/v2\/types\/post"}],"author":[{"embeddable":true,"href":"https:\/\/www.enteratever.com\/2023\/wp-json\/wp\/v2\/users\/2"}],"replies":[{"embeddable":true,"href":"https:\/\/www.enteratever.com\/2023\/wp-json\/wp\/v2\/comments?post=220229"}],"version-history":[{"count":1,"href":"https:\/\/www.enteratever.com\/2023\/wp-json\/wp\/v2\/posts\/220229\/revisions"}],"predecessor-version":[{"id":220232,"href":"https:\/\/www.enteratever.com\/2023\/wp-json\/wp\/v2\/posts\/220229\/revisions\/220232"}],"wp:featuredmedia":[{"embeddable":true,"href":"https:\/\/www.enteratever.com\/2023\/wp-json\/wp\/v2\/media\/220231"}],"wp:attachment":[{"href":"https:\/\/www.enteratever.com\/2023\/wp-json\/wp\/v2\/media?parent=220229"}],"wp:term":[{"taxonomy":"category","embeddable":true,"href":"https:\/\/www.enteratever.com\/2023\/wp-json\/wp\/v2\/categories?post=220229"},{"taxonomy":"post_tag","embeddable":true,"href":"https:\/\/www.enteratever.com\/2023\/wp-json\/wp\/v2\/tags?post=220229"}],"curies":[{"name":"wp","href":"https:\/\/api.w.org\/{rel}","templated":true}]}}