{"id":219921,"date":"2024-11-28T11:37:21","date_gmt":"2024-11-28T17:37:21","guid":{"rendered":"https:\/\/www.enteratever.com\/2023\/?p=219921"},"modified":"2024-11-28T11:37:21","modified_gmt":"2024-11-28T17:37:21","slug":"invita-secver-a-visitar-las-exposiciones-que-se-encuentran-en-su-red-de-recintos-de-xalapa-y-coatepec","status":"publish","type":"post","link":"https:\/\/www.enteratever.com\/2023\/2024\/11\/28\/invita-secver-a-visitar-las-exposiciones-que-se-encuentran-en-su-red-de-recintos-de-xalapa-y-coatepec\/","title":{"rendered":"Invita SECVER a visitar las exposiciones que se encuentran en su red de recintos de Xalapa y Coatepec"},"content":{"rendered":"<p>Visitas: 2<\/p><p>La Secretar\u00eda de Cultura de Veracruz invita al p\u00fablico en general a conocer las muestras art\u00edsticas que se exponen de manera temporal en los recintos de Xalapa y Coatepec. Se pueden visitar en horario de martes a domingo de 11:00 a 18:00 horas. La entrada es gratuita.<\/p>\n<p>La Galer\u00eda de Arte Contempor\u00e1neo de Xalapa exhibe las 28 piezas seleccionadas de la S\u00e9ptima Bienal de Arte Veracruz 2024 cuya destreza formal y coherencia con el discurso que proponen, permite acercarse a la realidad sociopol\u00edtica de nuestro pa\u00eds, con el firme inter\u00e9s de pensar, denunciar y visibilizar los problemas que acosan al estado de Veracruz e integrar las ra\u00edces ind\u00edgenas y afroamericanas. M\u00e1s informaci\u00f3n en las redes sociales de la @GACXalapa.<\/p>\n<p>En el \u00c1gora de la Ciudad se presenta la muestra de carteles de las 34 ediciones de la Feria Nacional del Libro Infantil y Juvenil de Xalapa (FNLIyJ). Estas im\u00e1genes atestiguan el nacimiento, crecimiento y consolidaci\u00f3n de uno de los eventos m\u00e1s importantes de la escena literaria de Veracruz. Cada una de estas piezas forma parte de la memoria colectiva de diversas generaciones de veracruzanos que han formado parte de la Feria. Para saber m\u00e1s acerca de esta exposici\u00f3n consulta el Facebook @AgoradelaCiudad.<\/p>\n<p>En la Pinacoteca Diego Rivera es posible apreciar la obra del pintor orizabe\u00f1o Jos\u00e9 Justo Montiel, una colecci\u00f3n que se encuentra albergada en el Museo de Arte del Estado de Veracruz en la ciudad de Orizaba desde hace m\u00e1s de 40 a\u00f1os, pertenece al acervo de la Universidad Veracruzana y nunca hab\u00eda salido del MAEV. Se trata de una muestra de retratos de \u00e9poca donde el artista captura magistralmente las expresiones de los personajes, despertando los sentidos y la imaginaci\u00f3n del espectador para reconstruir la historia detr\u00e1s de cada cuadro. Conoce m\u00e1s informaci\u00f3n en las redes sociales de la @PinacotecaDR.<\/p>\n<p>En el Jard\u00edn de las Esculturas contin\u00faa la exposici\u00f3n Maizal Gr\u00e1fico, carpeta de 33 estampas donada a la SECVER por la Secretar\u00eda de Cultura federal y realizada en el Taller Naci\u00f3n Gr\u00e1fica del Centro Cultural Los Pinos donde participaron 32 artistas mexicanos para presentar una visi\u00f3n dual que muestra el car\u00e1cter luminoso y generoso del ma\u00edz, a la vez que realiza una cr\u00edtica hacia los sistemas agr\u00edcolas industriales que afectan la biodiversidad y las tradiciones alimentarias de nuestro pa\u00eds. Sigue el Facebook e Instagram del @JardinDeLasEsculturas y visita el recinto m\u00e1s verde de la SECVER.<\/p>\n<p>En el Centro Cultural de Coatepec contin\u00faa en exposici\u00f3n la carpeta El caf\u00e9 en la gr\u00e1fica, realizada con la participaci\u00f3n de 13 artistas locales, gestionada mediante el Taller de gr\u00e1fica \u00abLa Culebra\u00bb, el taller m\u00e1s antiguo de los que conforman la Red de Talleres de Gr\u00e1fica de la SECVER. consulta la p\u00e1gina de Facebook @CentroCulturalCoatepec para conocer m\u00e1s informaci\u00f3n.<\/p>\n<p>La Secretar\u00eda de Cultura de Veracruz reitera la invitaci\u00f3n a conocer las exposiciones temporales que se albergan en los recintos culturales de Xalapa y Coatepec. Consulta la programaci\u00f3n completa de actividades que ofrece la Secretar\u00eda de Cultura en el sitio web oficial www.culturaveracruz.gob.mx y las redes sociales de la @SECVERoficial.<\/p>\n","protected":false},"excerpt":{"rendered":"<p>Visitas: 2La Secretar\u00eda de Cultura de Veracruz invita al p\u00fablico en general a conocer las muestras art\u00edsticas que se exponen de manera temporal en los recintos de Xalapa y Coatepec. Se pueden visitar en horario de martes a domingo de 11:00 a 18:00 horas. La entrada es gratuita. La Galer\u00eda de Arte Contempor\u00e1neo de Xalapa [&hellip;]<\/p>\n","protected":false},"author":2,"featured_media":219925,"comment_status":"open","ping_status":"open","sticky":false,"template":"","format":"standard","meta":{"footnotes":""},"categories":[237,236],"tags":[],"class_list":{"0":"post-219921","1":"post","2":"type-post","3":"status-publish","4":"format-standard","5":"has-post-thumbnail","7":"category-xalapa","8":"category-zona-centro"},"nelio_content":{"isAutoShareEnabled":true,"autoShareEndMode":"never","automationSources":{"useCustomSentences":false,"customSentences":[]},"followers":[7,2],"suggestedReferences":[],"efiUrl":"","efiAlt":"","highlights":[],"permalinkQueryArgs":[],"series":[]},"_links":{"self":[{"href":"https:\/\/www.enteratever.com\/2023\/wp-json\/wp\/v2\/posts\/219921","targetHints":{"allow":["GET"]}}],"collection":[{"href":"https:\/\/www.enteratever.com\/2023\/wp-json\/wp\/v2\/posts"}],"about":[{"href":"https:\/\/www.enteratever.com\/2023\/wp-json\/wp\/v2\/types\/post"}],"author":[{"embeddable":true,"href":"https:\/\/www.enteratever.com\/2023\/wp-json\/wp\/v2\/users\/2"}],"replies":[{"embeddable":true,"href":"https:\/\/www.enteratever.com\/2023\/wp-json\/wp\/v2\/comments?post=219921"}],"version-history":[{"count":1,"href":"https:\/\/www.enteratever.com\/2023\/wp-json\/wp\/v2\/posts\/219921\/revisions"}],"predecessor-version":[{"id":219928,"href":"https:\/\/www.enteratever.com\/2023\/wp-json\/wp\/v2\/posts\/219921\/revisions\/219928"}],"wp:featuredmedia":[{"embeddable":true,"href":"https:\/\/www.enteratever.com\/2023\/wp-json\/wp\/v2\/media\/219925"}],"wp:attachment":[{"href":"https:\/\/www.enteratever.com\/2023\/wp-json\/wp\/v2\/media?parent=219921"}],"wp:term":[{"taxonomy":"category","embeddable":true,"href":"https:\/\/www.enteratever.com\/2023\/wp-json\/wp\/v2\/categories?post=219921"},{"taxonomy":"post_tag","embeddable":true,"href":"https:\/\/www.enteratever.com\/2023\/wp-json\/wp\/v2\/tags?post=219921"}],"curies":[{"name":"wp","href":"https:\/\/api.w.org\/{rel}","templated":true}]}}