{"id":219833,"date":"2024-11-26T18:06:14","date_gmt":"2024-11-27T00:06:14","guid":{"rendered":"https:\/\/www.enteratever.com\/2023\/?p=219833"},"modified":"2024-11-26T18:06:14","modified_gmt":"2024-11-27T00:06:14","slug":"aseguran-a-masculino-vinculado-al-caso-de-yajaira-isabel-en-papantla","status":"publish","type":"post","link":"https:\/\/www.enteratever.com\/2023\/2024\/11\/26\/aseguran-a-masculino-vinculado-al-caso-de-yajaira-isabel-en-papantla\/","title":{"rendered":"Aseguran a masculino vinculado al caso de Yajaira Isabel en Papantla"},"content":{"rendered":"<p>Visitas: 70<\/p><p>Papantla Ver. Durante la noche del lunes Elementos de Seguridad P\u00fablica Municipal, lograron la detenci\u00f3n de un masculino en la colonia Papantla 2 y el cual responde el nombre de Eric No\u00e9 \u00abN\u00bb por la presunci\u00f3n de estar relacionado con la muerte de la joven Yajaira Isabel de la comunidad El Taj\u00edn.<\/p>\n<p>De acuerdo a la informaci\u00f3n este joven es miembro activo de la Guardia Nacional y tras conocerse el hecho de la muerte de la joven, el pasado domingo en la localidad El Taj\u00edn, al caer de una unidad motriz termin\u00f3 golpes y lesiones en diversas partes del cuerpo y fue abandonada a la puerta de su domicilio.<\/p>\n<p>Es importante mencionar que la Fiscal\u00eda General del Estado, dio a conocer que el elemento no est\u00e1 acusado como tal, pues se debi\u00f3 a un accidente de motocicleta, sin embargo, lejos de ayudarla, la dej\u00f3 a su suerte malherida.<\/p>\n<p>La polic\u00eda investigadora, inform\u00f3 que Eric No\u00e9, es se\u00f1alado de posible homicidio doloso, ya que fue visto con la v\u00edctima cuando salieron a cenar juntos, pero ella cay\u00f3 de la unidad y al no portar casco protector se golpe\u00f3 la cabeza contra el suelo.<\/p>\n","protected":false},"excerpt":{"rendered":"<p>Visitas: 70Papantla Ver. Durante la noche del lunes Elementos de Seguridad P\u00fablica Municipal, lograron la detenci\u00f3n de un masculino en la colonia Papantla 2 y el cual responde el nombre de Eric No\u00e9 \u00abN\u00bb por la presunci\u00f3n de estar relacionado con la muerte de la joven Yajaira Isabel de la comunidad El Taj\u00edn. De acuerdo [&hellip;]<\/p>\n","protected":false},"author":2,"featured_media":219834,"comment_status":"open","ping_status":"open","sticky":false,"template":"","format":"standard","meta":{"footnotes":""},"categories":[299,215,219],"tags":[],"class_list":{"0":"post-219833","1":"post","2":"type-post","3":"status-publish","4":"format-standard","5":"has-post-thumbnail","7":"category-notas-locales","8":"category-papantla","9":"category-zona-norte"},"nelio_content":{"isAutoShareEnabled":true,"autoShareEndMode":"never","automationSources":{"useCustomSentences":false,"customSentences":[]},"followers":[7,2],"suggestedReferences":[],"efiUrl":"","efiAlt":"","highlights":[],"permalinkQueryArgs":[],"series":[]},"_links":{"self":[{"href":"https:\/\/www.enteratever.com\/2023\/wp-json\/wp\/v2\/posts\/219833","targetHints":{"allow":["GET"]}}],"collection":[{"href":"https:\/\/www.enteratever.com\/2023\/wp-json\/wp\/v2\/posts"}],"about":[{"href":"https:\/\/www.enteratever.com\/2023\/wp-json\/wp\/v2\/types\/post"}],"author":[{"embeddable":true,"href":"https:\/\/www.enteratever.com\/2023\/wp-json\/wp\/v2\/users\/2"}],"replies":[{"embeddable":true,"href":"https:\/\/www.enteratever.com\/2023\/wp-json\/wp\/v2\/comments?post=219833"}],"version-history":[{"count":1,"href":"https:\/\/www.enteratever.com\/2023\/wp-json\/wp\/v2\/posts\/219833\/revisions"}],"predecessor-version":[{"id":219835,"href":"https:\/\/www.enteratever.com\/2023\/wp-json\/wp\/v2\/posts\/219833\/revisions\/219835"}],"wp:featuredmedia":[{"embeddable":true,"href":"https:\/\/www.enteratever.com\/2023\/wp-json\/wp\/v2\/media\/219834"}],"wp:attachment":[{"href":"https:\/\/www.enteratever.com\/2023\/wp-json\/wp\/v2\/media?parent=219833"}],"wp:term":[{"taxonomy":"category","embeddable":true,"href":"https:\/\/www.enteratever.com\/2023\/wp-json\/wp\/v2\/categories?post=219833"},{"taxonomy":"post_tag","embeddable":true,"href":"https:\/\/www.enteratever.com\/2023\/wp-json\/wp\/v2\/tags?post=219833"}],"curies":[{"name":"wp","href":"https:\/\/api.w.org\/{rel}","templated":true}]}}