{"id":219720,"date":"2024-11-22T21:37:35","date_gmt":"2024-11-23T03:37:35","guid":{"rendered":"https:\/\/www.enteratever.com\/2023\/?p=219720"},"modified":"2025-05-07T10:31:27","modified_gmt":"2025-05-07T16:31:27","slug":"celebra-ayuntamiento-de-xalapa-dia-del-musico","status":"publish","type":"post","link":"https:\/\/www.enteratever.com\/2023\/2024\/11\/22\/celebra-ayuntamiento-de-xalapa-dia-del-musico\/","title":{"rendered":"Celebra Ayuntamiento de Xalapa D\u00eda del M\u00fasico"},"content":{"rendered":"<p>Visitas: 0<\/p><p>Xalapa, Ver. &#8211; Con su talento, los artistas y agrupaciones musicales de la Direcci\u00f3n de Cultura hacen magia con un sinf\u00edn de eventos y presentaciones que fomentan la convivencia y la recreaci\u00f3n familiar, reconoci\u00f3 el alcalde Ricardo Ahued Bardahuil, en el marco de la celebraci\u00f3n del D\u00eda del M\u00fasico.<\/p>\n<p>Al convivir con las distintas agrupaciones y m\u00fasicos de la dependencia, el edil agradeci\u00f3 su participaci\u00f3n en una gran cantidad de eventos de primer nivel, as\u00ed como su labor incansable en favor de la sociedad.<\/p>\n<p>En representaci\u00f3n de los m\u00fasicos y agrupaciones del Ayuntamiento como la Orquesta Pauta Nueva y Orquesta Municipal de Xalapa, Citlalli Garc\u00eda reconoci\u00f3 que esta Administraci\u00f3n volvi\u00f3 a enfatizar la importancia del arte y la cultura, como \u00e1reas fundamentales para el sano esparcimiento, la convivencia y desarrollo social, regresando a Xalapa el t\u00edtulo de \u201cAtenas Veracruzana\u201d.<\/p>\n<p>Detall\u00f3 que con el apoyo del alcalde Ricardo Ahued han cambiado significativamente el trato y las condiciones laborales de los m\u00fasicos, pues siempre se ha preocupado porque cuenten con uniformes, espacios dignos y por atender sus necesidades.<\/p>\n<p>Asimismo, reconoci\u00f3 que siempre se mantuvo una pol\u00edtica de puertas abiertas para recibir a todas las personas sin distinci\u00f3n, y trabajar para que los m\u00fasicos contaran con instrumentos, herramientas de trabajo, capacitaci\u00f3n y equipamiento, adem\u00e1s de que se hicieron las gestiones necesarias para compartir el escenario con artistas de la talla de Tania Libertad, Carlos Cuevas, Ana Cirr\u00e9 o Jorge Mu\u00f1iz.<\/p>\n<p>Asistieron el alcalde suplente, Alberto Islas Reyes; el regidor Carlos Ortega Murgu\u00eda; la directora de Cultura, Karla Montano Rocher; funcionariado municipal, as\u00ed como el secretario general del Sindicato de Trabajadores al Servicio del Ayuntamiento adherido a la CROC, Rolando Ortega Salazar, entre otros representantes sindicales.<\/p>\n","protected":false},"excerpt":{"rendered":"<p>Visitas: 0Xalapa, Ver. &#8211; Con su talento, los artistas y agrupaciones musicales de la Direcci\u00f3n de Cultura hacen magia con un sinf\u00edn de eventos y presentaciones que fomentan la convivencia y la recreaci\u00f3n familiar, reconoci\u00f3 el alcalde Ricardo Ahued Bardahuil, en el marco de la celebraci\u00f3n del D\u00eda del M\u00fasico. Al convivir con las distintas [&hellip;]<\/p>\n","protected":false},"author":2,"featured_media":219721,"comment_status":"open","ping_status":"open","sticky":false,"template":"","format":"standard","meta":{"footnotes":""},"categories":[237,236],"tags":[],"class_list":{"0":"post-219720","1":"post","2":"type-post","3":"status-publish","4":"format-standard","5":"has-post-thumbnail","7":"category-xalapa","8":"category-zona-centro"},"nelio_content":{"isAutoShareEnabled":true,"autoShareEndMode":"never","automationSources":{"useCustomSentences":false,"customSentences":[]},"followers":[7,2],"suggestedReferences":[],"efiUrl":"","efiAlt":"","highlights":[],"permalinkQueryArgs":[],"series":[]},"_links":{"self":[{"href":"https:\/\/www.enteratever.com\/2023\/wp-json\/wp\/v2\/posts\/219720","targetHints":{"allow":["GET"]}}],"collection":[{"href":"https:\/\/www.enteratever.com\/2023\/wp-json\/wp\/v2\/posts"}],"about":[{"href":"https:\/\/www.enteratever.com\/2023\/wp-json\/wp\/v2\/types\/post"}],"author":[{"embeddable":true,"href":"https:\/\/www.enteratever.com\/2023\/wp-json\/wp\/v2\/users\/2"}],"replies":[{"embeddable":true,"href":"https:\/\/www.enteratever.com\/2023\/wp-json\/wp\/v2\/comments?post=219720"}],"version-history":[{"count":1,"href":"https:\/\/www.enteratever.com\/2023\/wp-json\/wp\/v2\/posts\/219720\/revisions"}],"predecessor-version":[{"id":219723,"href":"https:\/\/www.enteratever.com\/2023\/wp-json\/wp\/v2\/posts\/219720\/revisions\/219723"}],"wp:featuredmedia":[{"embeddable":true,"href":"https:\/\/www.enteratever.com\/2023\/wp-json\/wp\/v2\/media\/219721"}],"wp:attachment":[{"href":"https:\/\/www.enteratever.com\/2023\/wp-json\/wp\/v2\/media?parent=219720"}],"wp:term":[{"taxonomy":"category","embeddable":true,"href":"https:\/\/www.enteratever.com\/2023\/wp-json\/wp\/v2\/categories?post=219720"},{"taxonomy":"post_tag","embeddable":true,"href":"https:\/\/www.enteratever.com\/2023\/wp-json\/wp\/v2\/tags?post=219720"}],"curies":[{"name":"wp","href":"https:\/\/api.w.org\/{rel}","templated":true}]}}