{"id":219688,"date":"2024-11-22T13:01:38","date_gmt":"2024-11-22T19:01:38","guid":{"rendered":"https:\/\/www.enteratever.com\/2023\/?p=219688"},"modified":"2024-11-22T13:01:38","modified_gmt":"2024-11-22T19:01:38","slug":"la-secver-invita-a-la-presentacion-los-ojos-verdes-de-la-revolucion-maya-de-la-compania-el-tequio-de-san-miguel-en-el-teatro-de-la-reforma","status":"publish","type":"post","link":"https:\/\/www.enteratever.com\/2023\/2024\/11\/22\/la-secver-invita-a-la-presentacion-los-ojos-verdes-de-la-revolucion-maya-de-la-compania-el-tequio-de-san-miguel-en-el-teatro-de-la-reforma\/","title":{"rendered":"La SECVER invita a la presentaci\u00f3n Los ojos verdes de la Revoluci\u00f3n Maya de la compa\u00f1\u00eda El Tequio de San Miguel en el Teatro de la Reforma"},"content":{"rendered":"<p>Visitas: 2<\/p><p>La Secretar\u00eda de Cultura de Veracruz, en coordinaci\u00f3n con el Centro de Investigaci\u00f3n y Producci\u00f3n de Artes Esc\u00e9nicas, invita a la presentaci\u00f3n teatral Los ojos verdes de la Revoluci\u00f3n Maya a cargo de la compa\u00f1\u00eda El Tequio de San Miguel, el domingo 24 de noviembre a las 12:00 horas. La entrada es gratuita.<\/p>\n<p>Los ojos verdes de la Revoluci\u00f3n Maya es una puesta esc\u00e9nica que aborda la vida y el legado de la lucha social de Felipe Carrillo Puerto, l\u00edder revolucionario y defensor del pueblo maya, y nos conecta con la identidad, cultura e historia de las ra\u00edces prehisp\u00e1nicas. Fue producida por el Senado de la Rep\u00fablica en este 2024, a\u00f1o dedicado al Benem\u00e9rito del Proletariado, Revolucionario y Defensor del Mayab. Cuenta con un elenco integrado por Nells Peppes, Ivett Pizarro, Rodrigo Demian y Sof\u00eda Cervantes. Es producto de una investigaci\u00f3n de Luz Elena de la Hidalga y Antonio Valle, con dramaturgia de Pablo Jaime.<\/p>\n<p>Felipe Carrillo Puerto (Yucat\u00e1n, 1874\u20131924), pol\u00edtico, periodista y caudillo socialista, fue uno de los m\u00e1s grandes luchadores sociales de nuestro pa\u00eds. Su nombre, utilizado en calles, organizaciones sindicales y un municipio del estado de Quintana Roo desde 1934, es sin\u00f3nimo de resistencia y dignidad maya. Entre la destacada actividad durante la gesti\u00f3n de su gobierno, Carrillo Puerto otorg\u00f3 tierras de la pen\u00ednsula a los ind\u00edgenas y promovi\u00f3 la cultura maya hacia el centro de la pol\u00edtica nacional. Su vida estuvo marcada por el porfiriato y la Guerra de Castas en Yucat\u00e1n y particip\u00f3 en la Revoluci\u00f3n Mexicana junto a Emiliano Zapata, lo que posteriormente desemboc\u00f3 en la revoluci\u00f3n socialista maya. Organiz\u00f3 a los pueblos en peque\u00f1os grupos con principios comunitarios a los que llam\u00f3 Ligas de Resistencia, y con ello se consolid\u00f3 el Partido Socialista del Sureste.<\/p>\n<p>El Tequio de San Miguel es una agrupaci\u00f3n teatral fundada hace doce a\u00f1os en San Miguel de Allende, Guanajuato. Ha escrito y montado obras de corte hist\u00f3rico. Es una compa\u00f1\u00eda que se caracteriza por el inter\u00e9s en sustentar su dramaturgia en la investigaci\u00f3n hist\u00f3rica, as\u00ed como por la intenci\u00f3n de integrar hechos de relevancia pol\u00edtica y social al presente, llevando as\u00ed a las y los espectadores hacia una reflexi\u00f3n sobre la responsabilidad ciudadana en los acontecimientos del pa\u00eds, de tal forma que contribuya a la construcci\u00f3n de un mejor futuro.<\/p>\n<p>La SECVER reitera la invitaci\u00f3n a toda la comunidad veracruzana para disfrutar de la obra Los ojos verdes de la Revoluci\u00f3n Maya el domingo 24 de noviembre, a las 12:00 horas, en la Sala Principal del Teatro de la Reforma. La entrada es gratuita. Para conocer la programaci\u00f3n completa del recinto consulta la p\u00e1gina de Facebook @TeatrodelaReformaSECVER. Conoce las actividades de la Secretar\u00eda de Cultura de Veracruz en la p\u00e1gina web oficial www.culturaveracruz.gob.mx y sigue las redes sociales de la @SECVERoficial.<\/p>\n","protected":false},"excerpt":{"rendered":"<p>Visitas: 2La Secretar\u00eda de Cultura de Veracruz, en coordinaci\u00f3n con el Centro de Investigaci\u00f3n y Producci\u00f3n de Artes Esc\u00e9nicas, invita a la presentaci\u00f3n teatral Los ojos verdes de la Revoluci\u00f3n Maya a cargo de la compa\u00f1\u00eda El Tequio de San Miguel, el domingo 24 de noviembre a las 12:00 horas. La entrada es gratuita. Los [&hellip;]<\/p>\n","protected":false},"author":2,"featured_media":219689,"comment_status":"open","ping_status":"open","sticky":false,"template":"","format":"standard","meta":{"footnotes":""},"categories":[237,236],"tags":[],"class_list":{"0":"post-219688","1":"post","2":"type-post","3":"status-publish","4":"format-standard","5":"has-post-thumbnail","7":"category-xalapa","8":"category-zona-centro"},"nelio_content":{"isAutoShareEnabled":true,"autoShareEndMode":"never","automationSources":{"useCustomSentences":false,"customSentences":[]},"followers":[7,2],"suggestedReferences":[],"efiUrl":"","efiAlt":"","highlights":[],"permalinkQueryArgs":[],"series":[]},"_links":{"self":[{"href":"https:\/\/www.enteratever.com\/2023\/wp-json\/wp\/v2\/posts\/219688","targetHints":{"allow":["GET"]}}],"collection":[{"href":"https:\/\/www.enteratever.com\/2023\/wp-json\/wp\/v2\/posts"}],"about":[{"href":"https:\/\/www.enteratever.com\/2023\/wp-json\/wp\/v2\/types\/post"}],"author":[{"embeddable":true,"href":"https:\/\/www.enteratever.com\/2023\/wp-json\/wp\/v2\/users\/2"}],"replies":[{"embeddable":true,"href":"https:\/\/www.enteratever.com\/2023\/wp-json\/wp\/v2\/comments?post=219688"}],"version-history":[{"count":1,"href":"https:\/\/www.enteratever.com\/2023\/wp-json\/wp\/v2\/posts\/219688\/revisions"}],"predecessor-version":[{"id":219690,"href":"https:\/\/www.enteratever.com\/2023\/wp-json\/wp\/v2\/posts\/219688\/revisions\/219690"}],"wp:featuredmedia":[{"embeddable":true,"href":"https:\/\/www.enteratever.com\/2023\/wp-json\/wp\/v2\/media\/219689"}],"wp:attachment":[{"href":"https:\/\/www.enteratever.com\/2023\/wp-json\/wp\/v2\/media?parent=219688"}],"wp:term":[{"taxonomy":"category","embeddable":true,"href":"https:\/\/www.enteratever.com\/2023\/wp-json\/wp\/v2\/categories?post=219688"},{"taxonomy":"post_tag","embeddable":true,"href":"https:\/\/www.enteratever.com\/2023\/wp-json\/wp\/v2\/tags?post=219688"}],"curies":[{"name":"wp","href":"https:\/\/api.w.org\/{rel}","templated":true}]}}