{"id":219666,"date":"2024-11-22T11:45:46","date_gmt":"2024-11-22T17:45:46","guid":{"rendered":"https:\/\/www.enteratever.com\/2023\/?p=219666"},"modified":"2024-11-22T11:45:46","modified_gmt":"2024-11-22T17:45:46","slug":"dirigira-rtv-esteban-sosa-benitez","status":"publish","type":"post","link":"https:\/\/www.enteratever.com\/2023\/2024\/11\/22\/dirigira-rtv-esteban-sosa-benitez\/","title":{"rendered":"Dirigir\u00e1 RTV Esteban Sosa Ben\u00edtez"},"content":{"rendered":"<p>Visitas: 4<\/p><p>&#8211; Egresado de la carrera de Comunicaci\u00f3n por la UNAM y Maestr\u00eda en Administraci\u00f3n P\u00fablica.<\/p>\n<p>Durante la tarde de este jueves trascendi\u00f3 que Alejandro Esteban Sosa Ben\u00edtez asumir\u00e1 la Direcci\u00f3n General de Radio y Televisi\u00f3n de Veracruz (RTV).<\/p>\n<p>El joven es Licenciado en Ciencias de la Comunicaci\u00f3n por la Universidad Nacional Aut\u00f3noma de M\u00e9xico (UNAM) y Maestr\u00eda en Administraci\u00f3n P\u00fablica. Con experiencia en el \u00e1mbito acad\u00e9mico, ha sido catedr\u00e1tico de opini\u00f3n p\u00fablica, mercadotecnia y dise\u00f1o de campa\u00f1as pol\u00edticas en la M\u00e1xima Casa de Estudios del pa\u00eds. Adem\u00e1s, se especializa en el \u00e1rea de comunicaci\u00f3n y planeaci\u00f3n estrat\u00e9gica de gobierno.<\/p>\n<p>En el servicio p\u00fablico, Esteban Sosa se ha desempe\u00f1ado como titular de Transparencia en el H. Ayuntamiento de Tempoal, de donde es originario. <\/p>\n<p>Dentro del Partido Movimiento de Regeneraci\u00f3n Nacional (Morena), ha ocupado el cargo de coordinador pol\u00edtico en los distritos y de Poza Rica y P\u00e1nuco, donde contribuy\u00f3 al fortalecimiento de la estructura y bases de Morena.<\/p>\n<p>Se sabe que ya lo acompa\u00f1a un equipo de trabajo calificado para renovar el medio p\u00fablico del estado de Veracruz, el cual ha enfrentado diferentes crisis con su director V\u00edctor Cisneros, considerado uno de los peores que han pasado por RTV.<\/p>\n","protected":false},"excerpt":{"rendered":"<p>Visitas: 4&#8211; Egresado de la carrera de Comunicaci\u00f3n por la UNAM y Maestr\u00eda en Administraci\u00f3n P\u00fablica. Durante la tarde de este jueves trascendi\u00f3 que Alejandro Esteban Sosa Ben\u00edtez asumir\u00e1 la Direcci\u00f3n General de Radio y Televisi\u00f3n de Veracruz (RTV). El joven es Licenciado en Ciencias de la Comunicaci\u00f3n por la Universidad Nacional Aut\u00f3noma de M\u00e9xico [&hellip;]<\/p>\n","protected":false},"author":2,"featured_media":219667,"comment_status":"open","ping_status":"open","sticky":false,"template":"","format":"standard","meta":{"footnotes":""},"categories":[237,236],"tags":[],"class_list":{"0":"post-219666","1":"post","2":"type-post","3":"status-publish","4":"format-standard","5":"has-post-thumbnail","7":"category-xalapa","8":"category-zona-centro"},"nelio_content":{"isAutoShareEnabled":true,"autoShareEndMode":"never","automationSources":{"useCustomSentences":false,"customSentences":[]},"followers":[7,2],"suggestedReferences":[],"efiUrl":"","efiAlt":"","highlights":[],"permalinkQueryArgs":[],"series":[]},"_links":{"self":[{"href":"https:\/\/www.enteratever.com\/2023\/wp-json\/wp\/v2\/posts\/219666","targetHints":{"allow":["GET"]}}],"collection":[{"href":"https:\/\/www.enteratever.com\/2023\/wp-json\/wp\/v2\/posts"}],"about":[{"href":"https:\/\/www.enteratever.com\/2023\/wp-json\/wp\/v2\/types\/post"}],"author":[{"embeddable":true,"href":"https:\/\/www.enteratever.com\/2023\/wp-json\/wp\/v2\/users\/2"}],"replies":[{"embeddable":true,"href":"https:\/\/www.enteratever.com\/2023\/wp-json\/wp\/v2\/comments?post=219666"}],"version-history":[{"count":1,"href":"https:\/\/www.enteratever.com\/2023\/wp-json\/wp\/v2\/posts\/219666\/revisions"}],"predecessor-version":[{"id":219669,"href":"https:\/\/www.enteratever.com\/2023\/wp-json\/wp\/v2\/posts\/219666\/revisions\/219669"}],"wp:featuredmedia":[{"embeddable":true,"href":"https:\/\/www.enteratever.com\/2023\/wp-json\/wp\/v2\/media\/219667"}],"wp:attachment":[{"href":"https:\/\/www.enteratever.com\/2023\/wp-json\/wp\/v2\/media?parent=219666"}],"wp:term":[{"taxonomy":"category","embeddable":true,"href":"https:\/\/www.enteratever.com\/2023\/wp-json\/wp\/v2\/categories?post=219666"},{"taxonomy":"post_tag","embeddable":true,"href":"https:\/\/www.enteratever.com\/2023\/wp-json\/wp\/v2\/tags?post=219666"}],"curies":[{"name":"wp","href":"https:\/\/api.w.org\/{rel}","templated":true}]}}