{"id":219052,"date":"2024-11-06T14:23:38","date_gmt":"2024-11-06T20:23:38","guid":{"rendered":"https:\/\/www.enteratever.com\/2023\/?p=219052"},"modified":"2024-11-06T14:23:38","modified_gmt":"2024-11-06T20:23:38","slug":"toma-protesta-luciano-folgueras-pioli-como-secretario-general-de-acuerdos-de-la-coordinacion-estatal-de-movimiento-ciudadano","status":"publish","type":"post","link":"https:\/\/www.enteratever.com\/2023\/2024\/11\/06\/toma-protesta-luciano-folgueras-pioli-como-secretario-general-de-acuerdos-de-la-coordinacion-estatal-de-movimiento-ciudadano\/","title":{"rendered":"Toma protesta Luciano Folgueras Pioli como Secretario General de Acuerdos de la Coordinaci\u00f3n Estatal de Movimiento Ciudadano."},"content":{"rendered":"<p>Visitas: 5<\/p><p>\u2022          \u00abVeracruz solo va a cambiar si somos valientes, si nos atrevemos a caminar cuesta arriba\u00bb: Carbonell de la Hoz, Coordinador Estatal de Movimiento Ciudadano en Veracruz.<\/p>\n<p>En las instalaciones que ocupa la coordinaci\u00f3n estatal de Movimiento Ciudadano en el Estado de Veracruz se llev\u00f3 a cabo la toma de protesta de Luciano Folgueras Pioli como nuevo secretario de acuerdos de dicho comit\u00e9 estatal. \u00abHemos dado el paso para romper con la forma obsoleta en que se hace pol\u00edtica, llevemos nuestro mensaje de que un Veracruz mejor es posible, pero Veracruz solo va a cambiar si somos valientes, si nos atrevemos a caminar cuesta arriba\u00bb, destac\u00f3 el l\u00edder de Movimiento Ciudadano en la entidad Luis Carbonell de la Hoz.<\/p>\n<p>Por su parte el reci\u00e9n nombrado Secretario General de Acuerdos, Luciano Folgueras Pioli dijo sentirse comprometido con el proyecto de Movimiento Ciudadano y a su vez agradeci\u00f3 la confianza al l\u00edder estatal Carbonell de la Hoz. \u00abMovimiento Ciudadano es un instituto pol\u00edtico que nunca deja de renovarse, juntos y en unidad, recorreremos cada municipio y localidad, seremos la voz de quienes no son escuchados. Veracruz se va a pintar de esperanza y vientos de cambio\u00bb.<\/p>\n<p>Hay que destacar que Folgueras Pioli es un joven de origen tuxpe\u00f1o. Que ha forjado su camino en la pol\u00edtica a trav\u00e9s de los a\u00f1os en su natal Tuxpan de Rodr\u00edguez Cano y en la zona norte de nuestro Estado. Se ha desempe\u00f1ado en el servicio p\u00fablico como regidor, tambi\u00e9n ha destacado en el \u00e1mbito empresarial. Es Licenciado en Negocios Internacionales y Maestro en Gobierno y Gesti\u00f3n P\u00fablica por la Universidad Pompeu Fabra de Barcelona.<\/p>\n<p>En este mismo evento se tom\u00f3 protesta a Diego Moreno Mart\u00ednez como secretario de C\u00edrculos Ciudadanos; a Ana Ponce Jacobo como Tesorera; a Carlos Barrios Rosales como secretario t\u00e9cnico de la Comisi\u00f3n Operativa Estatal; a X\u00f3chitl M\u00e1rquez Ricardo como Coordinadora del Distrito Local de P\u00e1nuco; a Jos\u00e9 Luis Manrique Zavaleta como secretario de Fomento Deportivo; as\u00ed como a Bernardo Bellizzia Guzm\u00e1n como Jefe de Prensa.<\/p>\n","protected":false},"excerpt":{"rendered":"<p>Visitas: 5\u2022 \u00abVeracruz solo va a cambiar si somos valientes, si nos atrevemos a caminar cuesta arriba\u00bb: Carbonell de la Hoz, Coordinador Estatal de Movimiento Ciudadano en Veracruz. En las instalaciones que ocupa la coordinaci\u00f3n estatal de Movimiento Ciudadano en el Estado de Veracruz se llev\u00f3 a cabo la toma de protesta de Luciano Folgueras [&hellip;]<\/p>\n","protected":false},"author":2,"featured_media":219053,"comment_status":"open","ping_status":"open","sticky":false,"template":"","format":"standard","meta":{"footnotes":""},"categories":[237,236],"tags":[],"class_list":{"0":"post-219052","1":"post","2":"type-post","3":"status-publish","4":"format-standard","5":"has-post-thumbnail","7":"category-xalapa","8":"category-zona-centro"},"nelio_content":{"isAutoShareEnabled":true,"autoShareEndMode":"never","automationSources":{"useCustomSentences":false,"customSentences":[]},"followers":[7,2],"suggestedReferences":[],"efiUrl":"","efiAlt":"","highlights":[],"permalinkQueryArgs":[],"series":[]},"_links":{"self":[{"href":"https:\/\/www.enteratever.com\/2023\/wp-json\/wp\/v2\/posts\/219052","targetHints":{"allow":["GET"]}}],"collection":[{"href":"https:\/\/www.enteratever.com\/2023\/wp-json\/wp\/v2\/posts"}],"about":[{"href":"https:\/\/www.enteratever.com\/2023\/wp-json\/wp\/v2\/types\/post"}],"author":[{"embeddable":true,"href":"https:\/\/www.enteratever.com\/2023\/wp-json\/wp\/v2\/users\/2"}],"replies":[{"embeddable":true,"href":"https:\/\/www.enteratever.com\/2023\/wp-json\/wp\/v2\/comments?post=219052"}],"version-history":[{"count":1,"href":"https:\/\/www.enteratever.com\/2023\/wp-json\/wp\/v2\/posts\/219052\/revisions"}],"predecessor-version":[{"id":219055,"href":"https:\/\/www.enteratever.com\/2023\/wp-json\/wp\/v2\/posts\/219052\/revisions\/219055"}],"wp:featuredmedia":[{"embeddable":true,"href":"https:\/\/www.enteratever.com\/2023\/wp-json\/wp\/v2\/media\/219053"}],"wp:attachment":[{"href":"https:\/\/www.enteratever.com\/2023\/wp-json\/wp\/v2\/media?parent=219052"}],"wp:term":[{"taxonomy":"category","embeddable":true,"href":"https:\/\/www.enteratever.com\/2023\/wp-json\/wp\/v2\/categories?post=219052"},{"taxonomy":"post_tag","embeddable":true,"href":"https:\/\/www.enteratever.com\/2023\/wp-json\/wp\/v2\/tags?post=219052"}],"curies":[{"name":"wp","href":"https:\/\/api.w.org\/{rel}","templated":true}]}}