{"id":217563,"date":"2024-09-30T15:59:50","date_gmt":"2024-09-30T21:59:50","guid":{"rendered":"https:\/\/www.enteratever.com\/2023\/?p=217563"},"modified":"2024-09-30T16:07:40","modified_gmt":"2024-09-30T22:07:40","slug":"danza-ritual-de-los-voladores-cumple-15-anos-de-ser-patrimonio-intangible-de-la-humanidad","status":"publish","type":"post","link":"https:\/\/www.enteratever.com\/2023\/2024\/09\/30\/danza-ritual-de-los-voladores-cumple-15-anos-de-ser-patrimonio-intangible-de-la-humanidad\/","title":{"rendered":"Danza ritual de los voladores cumple 15 a\u00f1os de ser Patrimonio Intangible de la Humanidad"},"content":{"rendered":"<p>Visitas: 13<\/p><p>Uno de los momentos  mas importantes para la cultura totonaca fue cuando la Danza Ritual de los Voladores de Papantla fue reconocida por la UNESCO como patrimonio intangible de la humanidad.<\/p>\n<p>Dicho reconocimiento se di\u00f3 el 30 de septiembre de 2009 por la Organizaci\u00f3n de las Naciones Unidas para la Educaci\u00f3n, la Ciencia y la Cultura (UNESCO) en Abu Dhabi, Dubai.<\/p>\n<p>Desde ese momento han sido Embajadores Culturales no solo de esta danza, la cual ha sido compartida en distintos paises a trav\u00e9s de varios a\u00f1os.<\/p>\n<p>El reconocimiento a nivel mundial, abarca el ritual y localizaci\u00f3n del llamado \u00abPalo de Volador\u00bb en las zonas montosas de nuestra regi\u00f3n, el corte, arrastre, colocaci\u00f3n en un lugar determinado, entrega de ofrendas y ceremonias, su levantamiento y finalmente, llevar a efecto; la primera ceremonia de colocaci\u00f3n del cuadro y la llamada \u00abmanzana\u00bb donde estar\u00e1 el \u00abcaporal\u00bb, quien lleva ademas de su atuendo, una flauta y un tambor.<\/p>\n<p>Con este importante reconocimiento, en aquel a\u00f1o se logr\u00f3 la construcci\u00f3n de casas escuelas donde estudiantes cada semana acuden a aprender y conocer m\u00e1s de este milenario ritual.<\/p>\n","protected":false},"excerpt":{"rendered":"<p>Visitas: 13Uno de los momentos mas importantes para la cultura totonaca fue cuando la Danza Ritual de los Voladores de Papantla fue reconocida por la UNESCO como patrimonio intangible de la humanidad. Dicho reconocimiento se di\u00f3 el 30 de septiembre de 2009 por la Organizaci\u00f3n de las Naciones Unidas para la Educaci\u00f3n, la Ciencia y [&hellip;]<\/p>\n","protected":false},"author":3,"featured_media":217567,"comment_status":"open","ping_status":"open","sticky":false,"template":"","format":"standard","meta":{"footnotes":""},"categories":[299,215,219],"tags":[41],"class_list":{"0":"post-217563","1":"post","2":"type-post","3":"status-publish","4":"format-standard","5":"has-post-thumbnail","7":"category-notas-locales","8":"category-papantla","9":"category-zona-norte","10":"tag-portada"},"nelio_content":{"isAutoShareEnabled":true,"autoShareEndMode":"never","automationSources":{"useCustomSentences":false,"customSentences":[]},"followers":[7,3],"suggestedReferences":[],"efiUrl":"","efiAlt":"","highlights":[],"permalinkQueryArgs":[],"series":[]},"_links":{"self":[{"href":"https:\/\/www.enteratever.com\/2023\/wp-json\/wp\/v2\/posts\/217563","targetHints":{"allow":["GET"]}}],"collection":[{"href":"https:\/\/www.enteratever.com\/2023\/wp-json\/wp\/v2\/posts"}],"about":[{"href":"https:\/\/www.enteratever.com\/2023\/wp-json\/wp\/v2\/types\/post"}],"author":[{"embeddable":true,"href":"https:\/\/www.enteratever.com\/2023\/wp-json\/wp\/v2\/users\/3"}],"replies":[{"embeddable":true,"href":"https:\/\/www.enteratever.com\/2023\/wp-json\/wp\/v2\/comments?post=217563"}],"version-history":[{"count":2,"href":"https:\/\/www.enteratever.com\/2023\/wp-json\/wp\/v2\/posts\/217563\/revisions"}],"predecessor-version":[{"id":217582,"href":"https:\/\/www.enteratever.com\/2023\/wp-json\/wp\/v2\/posts\/217563\/revisions\/217582"}],"wp:featuredmedia":[{"embeddable":true,"href":"https:\/\/www.enteratever.com\/2023\/wp-json\/wp\/v2\/media\/217567"}],"wp:attachment":[{"href":"https:\/\/www.enteratever.com\/2023\/wp-json\/wp\/v2\/media?parent=217563"}],"wp:term":[{"taxonomy":"category","embeddable":true,"href":"https:\/\/www.enteratever.com\/2023\/wp-json\/wp\/v2\/categories?post=217563"},{"taxonomy":"post_tag","embeddable":true,"href":"https:\/\/www.enteratever.com\/2023\/wp-json\/wp\/v2\/tags?post=217563"}],"curies":[{"name":"wp","href":"https:\/\/api.w.org\/{rel}","templated":true}]}}