{"id":217144,"date":"2024-09-23T13:22:39","date_gmt":"2024-09-23T19:22:39","guid":{"rendered":"https:\/\/www.enteratever.com\/2023\/?p=217144"},"modified":"2024-09-23T13:22:39","modified_gmt":"2024-09-23T19:22:39","slug":"papantla-sub-sede-del-xxv-encuentro-iberoamericano-de-autoridades-locales","status":"publish","type":"post","link":"https:\/\/www.enteratever.com\/2023\/2024\/09\/23\/papantla-sub-sede-del-xxv-encuentro-iberoamericano-de-autoridades-locales\/","title":{"rendered":"Papantla sub sede del XXV encuentro iberoamericano de autoridades locales"},"content":{"rendered":"<p>Visitas: 10<\/p><p>Durante este a\u00f1o 2024 se efectuar\u00e1 en el estado de Veracruz el XXV encuentro iberoamericano de autoridades locales y que se efectuar\u00e1 en dos espacios diferentes, Xalapa ciudad capital y Papantla como sub sede de dicho encuentro de autoridades mexicanas asi como de pa\u00edses latinoamericanos.<\/p>\n<p>El programa del encuentro est\u00e1 programado del 4 al 8 de noviembre, en dicha reuni\u00f3n efectuada desde hace m\u00e1s de 20 a\u00f1os alcaldes de diversos lugares entablan di\u00e1logos para la mejora de sus municipios o provincias sobre la gobernanza y mejoras en temas de turismo y cultura.<\/p>\n<p>En esta edici\u00f3n el principal tema sera Comunicaci\u00f3n P\u00fablica para la Gobernanza Local y es organizado por la Uni\u00f3n Iberoamericana de Municipalistas (UIM).<\/p>\n<p>Asimismo habr\u00e1 conferencias y actividades acad\u00e9micas para fortalecer las capacidades de los l\u00edderes locales.<\/p>\n","protected":false},"excerpt":{"rendered":"<p>Visitas: 10Durante este a\u00f1o 2024 se efectuar\u00e1 en el estado de Veracruz el XXV encuentro iberoamericano de autoridades locales y que se efectuar\u00e1 en dos espacios diferentes, Xalapa ciudad capital y Papantla como sub sede de dicho encuentro de autoridades mexicanas asi como de pa\u00edses latinoamericanos. El programa del encuentro est\u00e1 programado del 4 al [&hellip;]<\/p>\n","protected":false},"author":3,"featured_media":217149,"comment_status":"open","ping_status":"open","sticky":false,"template":"","format":"standard","meta":{"footnotes":""},"categories":[299,215,219],"tags":[],"class_list":{"0":"post-217144","1":"post","2":"type-post","3":"status-publish","4":"format-standard","5":"has-post-thumbnail","7":"category-notas-locales","8":"category-papantla","9":"category-zona-norte"},"nelio_content":{"isAutoShareEnabled":true,"autoShareEndMode":"never","automationSources":{"useCustomSentences":false,"customSentences":[]},"followers":[7,3],"suggestedReferences":[],"efiUrl":"","efiAlt":"","highlights":[],"permalinkQueryArgs":[],"series":[]},"_links":{"self":[{"href":"https:\/\/www.enteratever.com\/2023\/wp-json\/wp\/v2\/posts\/217144","targetHints":{"allow":["GET"]}}],"collection":[{"href":"https:\/\/www.enteratever.com\/2023\/wp-json\/wp\/v2\/posts"}],"about":[{"href":"https:\/\/www.enteratever.com\/2023\/wp-json\/wp\/v2\/types\/post"}],"author":[{"embeddable":true,"href":"https:\/\/www.enteratever.com\/2023\/wp-json\/wp\/v2\/users\/3"}],"replies":[{"embeddable":true,"href":"https:\/\/www.enteratever.com\/2023\/wp-json\/wp\/v2\/comments?post=217144"}],"version-history":[{"count":1,"href":"https:\/\/www.enteratever.com\/2023\/wp-json\/wp\/v2\/posts\/217144\/revisions"}],"predecessor-version":[{"id":217152,"href":"https:\/\/www.enteratever.com\/2023\/wp-json\/wp\/v2\/posts\/217144\/revisions\/217152"}],"wp:featuredmedia":[{"embeddable":true,"href":"https:\/\/www.enteratever.com\/2023\/wp-json\/wp\/v2\/media\/217149"}],"wp:attachment":[{"href":"https:\/\/www.enteratever.com\/2023\/wp-json\/wp\/v2\/media?parent=217144"}],"wp:term":[{"taxonomy":"category","embeddable":true,"href":"https:\/\/www.enteratever.com\/2023\/wp-json\/wp\/v2\/categories?post=217144"},{"taxonomy":"post_tag","embeddable":true,"href":"https:\/\/www.enteratever.com\/2023\/wp-json\/wp\/v2\/tags?post=217144"}],"curies":[{"name":"wp","href":"https:\/\/api.w.org\/{rel}","templated":true}]}}