{"id":217115,"date":"2024-09-23T09:12:08","date_gmt":"2024-09-23T15:12:08","guid":{"rendered":"https:\/\/www.enteratever.com\/2023\/?p=217115"},"modified":"2024-09-23T09:20:41","modified_gmt":"2024-09-23T15:20:41","slug":"fuimos-agredidos-por-acarreados-de-trabajadores-del-pjf-afirma-funcionario-estatal","status":"publish","type":"post","link":"https:\/\/www.enteratever.com\/2023\/2024\/09\/23\/fuimos-agredidos-por-acarreados-de-trabajadores-del-pjf-afirma-funcionario-estatal\/","title":{"rendered":"&#8216;Fuimos agredidos por acarreados de trabajadores del PJF&#8217;, afirma funcionario estatal"},"content":{"rendered":"<p>Visitas: 0<\/p><p>Jorge Cedillo Guevara, empleado de la Direcci\u00f3n de Pol\u00edtica Regional del gobierno del estado de Veracruz y militante de Morena, neg\u00f3 haber lanzado una botella de pl\u00e1stico contra el Presidente Andr\u00e9s Manuel L\u00f3pez Obrador.<\/p>\n<p>A trav\u00e9s de un video publicado en sus redes sociales, Cedillo Guevara admiti\u00f3 que s\u00ed arroj\u00f3 un bote de pl\u00e1stico, pero contra los manifestantes, quienes, asegur\u00f3, lo agredieron previamente y lo golpearon con el mismo envase en la espalda.<\/p>\n<p>Asimismo, el funcionario estatal indic\u00f3 que en las im\u00e1genes que circulan en redes se observa que el recinto donde estaba el primer mandatario seubica a sus espaldas por lo que el objeto que lanz\u00f3 no fue dirigido contra L\u00f3pez Obrador, a quien dijo, \u00abnunca agreder\u00eda\u00bb.<\/p>\n<p>Cabe destacar que en redes sociales estuvieron se\u00f1alando a Jorge Cedillo como uno de los que lanzaron una botella contra el jefe del Ejecutivo.<\/p>\n<p>Incluso, el Movimiento de Trabajadores del S\u00e9ptimo Circuito del Poder Judicial de la Federaci\u00f3n demando el cese del funcionario a quien acusaron de incitar a la violencia.<\/p>\n<p>XEU<\/p>\n","protected":false},"excerpt":{"rendered":"<p>Visitas: 0Jorge Cedillo Guevara, empleado de la Direcci\u00f3n de Pol\u00edtica Regional del gobierno del estado de Veracruz y militante de Morena, neg\u00f3 haber lanzado una botella de pl\u00e1stico contra el Presidente Andr\u00e9s Manuel L\u00f3pez Obrador. A trav\u00e9s de un video publicado en sus redes sociales, Cedillo Guevara admiti\u00f3 que s\u00ed arroj\u00f3 un bote de pl\u00e1stico, [&hellip;]<\/p>\n","protected":false},"author":2,"featured_media":217119,"comment_status":"open","ping_status":"open","sticky":false,"template":"","format":"standard","meta":{"footnotes":""},"categories":[237,236],"tags":[41],"class_list":{"0":"post-217115","1":"post","2":"type-post","3":"status-publish","4":"format-standard","5":"has-post-thumbnail","7":"category-xalapa","8":"category-zona-centro","9":"tag-portada"},"nelio_content":{"isAutoShareEnabled":true,"autoShareEndMode":"never","automationSources":{"useCustomSentences":false,"customSentences":[]},"followers":[7,2],"suggestedReferences":[],"efiUrl":"","efiAlt":"","highlights":[],"permalinkQueryArgs":[],"series":[]},"_links":{"self":[{"href":"https:\/\/www.enteratever.com\/2023\/wp-json\/wp\/v2\/posts\/217115","targetHints":{"allow":["GET"]}}],"collection":[{"href":"https:\/\/www.enteratever.com\/2023\/wp-json\/wp\/v2\/posts"}],"about":[{"href":"https:\/\/www.enteratever.com\/2023\/wp-json\/wp\/v2\/types\/post"}],"author":[{"embeddable":true,"href":"https:\/\/www.enteratever.com\/2023\/wp-json\/wp\/v2\/users\/2"}],"replies":[{"embeddable":true,"href":"https:\/\/www.enteratever.com\/2023\/wp-json\/wp\/v2\/comments?post=217115"}],"version-history":[{"count":1,"href":"https:\/\/www.enteratever.com\/2023\/wp-json\/wp\/v2\/posts\/217115\/revisions"}],"predecessor-version":[{"id":217122,"href":"https:\/\/www.enteratever.com\/2023\/wp-json\/wp\/v2\/posts\/217115\/revisions\/217122"}],"wp:featuredmedia":[{"embeddable":true,"href":"https:\/\/www.enteratever.com\/2023\/wp-json\/wp\/v2\/media\/217119"}],"wp:attachment":[{"href":"https:\/\/www.enteratever.com\/2023\/wp-json\/wp\/v2\/media?parent=217115"}],"wp:term":[{"taxonomy":"category","embeddable":true,"href":"https:\/\/www.enteratever.com\/2023\/wp-json\/wp\/v2\/categories?post=217115"},{"taxonomy":"post_tag","embeddable":true,"href":"https:\/\/www.enteratever.com\/2023\/wp-json\/wp\/v2\/tags?post=217115"}],"curies":[{"name":"wp","href":"https:\/\/api.w.org\/{rel}","templated":true}]}}