{"id":216988,"date":"2024-09-18T17:06:28","date_gmt":"2024-09-18T23:06:28","guid":{"rendered":"https:\/\/www.enteratever.com\/2023\/?p=216988"},"modified":"2024-09-18T17:06:28","modified_gmt":"2024-09-18T23:06:28","slug":"se-realizara-el-primer-encuentro-de-conciencia-ambiental-en-papantla","status":"publish","type":"post","link":"https:\/\/www.enteratever.com\/2023\/2024\/09\/18\/se-realizara-el-primer-encuentro-de-conciencia-ambiental-en-papantla\/","title":{"rendered":"Se realizar\u00e1 el primer encuentro de Conciencia ambiental en Papantla"},"content":{"rendered":"<p>Visitas: 20<\/p><p>Con la finalidad de generar un di\u00e1logo   entre la poblaci\u00f3n papanteca y sus alrededores sobre el tema del medio ambiente, el Centro Cultural Autogestivo Independiente \u00abPap\u00e1 Chama\u00bb llevara a cabo el primer encuentro Conciencia Ambiental <\/p>\n<p>C\u00f3mo tal dicho encuentro buscar\u00e1 conectar con la ciudadan\u00eda sobre dicho tema, ah\u00ed se podra participar en charlas educativas; ilustraci\u00f3n cient\u00edfica; cine; di\u00e1logos;  ponencias; m\u00fasica y mercado solidario <\/p>\n<p>Dicho encuentro tendr\u00e1 como fecha el pr\u00f3ximo 27 de septiembre en un horario de cuatro de la tarde a ocho de la noche en su ubicaci\u00f3n del centro cultural Calle Juan de la Luz Enr\u00edquez frente a conocido centro comercial <\/p>\n<p>De entre las actividades que se efectuar\u00e1 por mencionar algunas la ponencia de experiencias de la concientizaci\u00f3n ambiental por la AC Vida Milenaria; La sustentabilidad contempor\u00e1nea y la fragilidad social por e Psic\u00f3logo y Artista pl\u00e1stico, Rogelio Cuauht\u00e9moc Ticante <\/p>\n<p>El encuentro tiene c\u00f3mo slogan principal despierta la conciencia, impulsa el camino.<\/p>\n","protected":false},"excerpt":{"rendered":"<p>Visitas: 20Con la finalidad de generar un di\u00e1logo entre la poblaci\u00f3n papanteca y sus alrededores sobre el tema del medio ambiente, el Centro Cultural Autogestivo Independiente \u00abPap\u00e1 Chama\u00bb llevara a cabo el primer encuentro Conciencia Ambiental C\u00f3mo tal dicho encuentro buscar\u00e1 conectar con la ciudadan\u00eda sobre dicho tema, ah\u00ed se podra participar en charlas educativas; [&hellip;]<\/p>\n","protected":false},"author":3,"featured_media":216990,"comment_status":"open","ping_status":"open","sticky":false,"template":"","format":"standard","meta":{"footnotes":""},"categories":[299,215,219],"tags":[],"class_list":{"0":"post-216988","1":"post","2":"type-post","3":"status-publish","4":"format-standard","5":"has-post-thumbnail","7":"category-notas-locales","8":"category-papantla","9":"category-zona-norte"},"nelio_content":{"isAutoShareEnabled":true,"autoShareEndMode":"never","automationSources":{"useCustomSentences":false,"customSentences":[]},"followers":[7,3],"suggestedReferences":[],"efiUrl":"","efiAlt":"","highlights":[],"permalinkQueryArgs":[],"series":[]},"_links":{"self":[{"href":"https:\/\/www.enteratever.com\/2023\/wp-json\/wp\/v2\/posts\/216988","targetHints":{"allow":["GET"]}}],"collection":[{"href":"https:\/\/www.enteratever.com\/2023\/wp-json\/wp\/v2\/posts"}],"about":[{"href":"https:\/\/www.enteratever.com\/2023\/wp-json\/wp\/v2\/types\/post"}],"author":[{"embeddable":true,"href":"https:\/\/www.enteratever.com\/2023\/wp-json\/wp\/v2\/users\/3"}],"replies":[{"embeddable":true,"href":"https:\/\/www.enteratever.com\/2023\/wp-json\/wp\/v2\/comments?post=216988"}],"version-history":[{"count":1,"href":"https:\/\/www.enteratever.com\/2023\/wp-json\/wp\/v2\/posts\/216988\/revisions"}],"predecessor-version":[{"id":216991,"href":"https:\/\/www.enteratever.com\/2023\/wp-json\/wp\/v2\/posts\/216988\/revisions\/216991"}],"wp:featuredmedia":[{"embeddable":true,"href":"https:\/\/www.enteratever.com\/2023\/wp-json\/wp\/v2\/media\/216990"}],"wp:attachment":[{"href":"https:\/\/www.enteratever.com\/2023\/wp-json\/wp\/v2\/media?parent=216988"}],"wp:term":[{"taxonomy":"category","embeddable":true,"href":"https:\/\/www.enteratever.com\/2023\/wp-json\/wp\/v2\/categories?post=216988"},{"taxonomy":"post_tag","embeddable":true,"href":"https:\/\/www.enteratever.com\/2023\/wp-json\/wp\/v2\/tags?post=216988"}],"curies":[{"name":"wp","href":"https:\/\/api.w.org\/{rel}","templated":true}]}}