{"id":216886,"date":"2024-09-15T11:18:35","date_gmt":"2024-09-15T17:18:35","guid":{"rendered":"https:\/\/www.enteratever.com\/2023\/?p=216886"},"modified":"2024-09-17T11:25:38","modified_gmt":"2024-09-17T17:25:38","slug":"realizan-en-papantla-desfile-del-16-de-septiembre","status":"publish","type":"post","link":"https:\/\/www.enteratever.com\/2023\/2024\/09\/15\/realizan-en-papantla-desfile-del-16-de-septiembre\/","title":{"rendered":"Realizan en Papantla desfile del 16 de Septiembre"},"content":{"rendered":"<p>Visitas: 10<\/p><p>Con la participaci\u00f3n de decenas de escuelas de la cabecera municipal, fue se realiz\u00f3 un magno desfile del 16 de Septiembre en Papantla <\/p>\n<p>Estudiantes, maestros y autoridades, la ma\u00f1ana de este lunes se dieron cita para efectuar este recorrido por principales calles de la ciudad <\/p>\n<p>Primeramente se realiz\u00f3 el acto c\u00edvico de la conmemoraci\u00f3n del 214 aniversario de la lucha por nuestra Independencia<\/p>\n<p>El contingente fue encabezado por el Alcalde, su cuerpo edilicio, directores y secretarios<\/p>\n<p>En total 34 planteles educativos y 6 dependencias oficiales desfilaron por calles como: Juan de la Luz Enriquez, Pino Su\u00e1rez, Aquiles Serd\u00e1n, 16 de Septiembre, Obispo de las Casas, Jos\u00e9 de Jes\u00fas Nu\u00f1ez y Dom\u00ednguez, y Reforma.<\/p>\n","protected":false},"excerpt":{"rendered":"<p>Visitas: 10Con la participaci\u00f3n de decenas de escuelas de la cabecera municipal, fue se realiz\u00f3 un magno desfile del 16 de Septiembre en Papantla Estudiantes, maestros y autoridades, la ma\u00f1ana de este lunes se dieron cita para efectuar este recorrido por principales calles de la ciudad Primeramente se realiz\u00f3 el acto c\u00edvico de la conmemoraci\u00f3n [&hellip;]<\/p>\n","protected":false},"author":3,"featured_media":216891,"comment_status":"open","ping_status":"open","sticky":false,"template":"","format":"standard","meta":{"footnotes":""},"categories":[299,215,219],"tags":[],"class_list":{"0":"post-216886","1":"post","2":"type-post","3":"status-publish","4":"format-standard","5":"has-post-thumbnail","7":"category-notas-locales","8":"category-papantla","9":"category-zona-norte"},"nelio_content":{"isAutoShareEnabled":true,"autoShareEndMode":"never","automationSources":{"useCustomSentences":false,"customSentences":[]},"followers":[7,3],"suggestedReferences":[],"efiUrl":"","efiAlt":"","highlights":[],"permalinkQueryArgs":[],"series":[]},"_links":{"self":[{"href":"https:\/\/www.enteratever.com\/2023\/wp-json\/wp\/v2\/posts\/216886","targetHints":{"allow":["GET"]}}],"collection":[{"href":"https:\/\/www.enteratever.com\/2023\/wp-json\/wp\/v2\/posts"}],"about":[{"href":"https:\/\/www.enteratever.com\/2023\/wp-json\/wp\/v2\/types\/post"}],"author":[{"embeddable":true,"href":"https:\/\/www.enteratever.com\/2023\/wp-json\/wp\/v2\/users\/3"}],"replies":[{"embeddable":true,"href":"https:\/\/www.enteratever.com\/2023\/wp-json\/wp\/v2\/comments?post=216886"}],"version-history":[{"count":1,"href":"https:\/\/www.enteratever.com\/2023\/wp-json\/wp\/v2\/posts\/216886\/revisions"}],"predecessor-version":[{"id":216892,"href":"https:\/\/www.enteratever.com\/2023\/wp-json\/wp\/v2\/posts\/216886\/revisions\/216892"}],"wp:featuredmedia":[{"embeddable":true,"href":"https:\/\/www.enteratever.com\/2023\/wp-json\/wp\/v2\/media\/216891"}],"wp:attachment":[{"href":"https:\/\/www.enteratever.com\/2023\/wp-json\/wp\/v2\/media?parent=216886"}],"wp:term":[{"taxonomy":"category","embeddable":true,"href":"https:\/\/www.enteratever.com\/2023\/wp-json\/wp\/v2\/categories?post=216886"},{"taxonomy":"post_tag","embeddable":true,"href":"https:\/\/www.enteratever.com\/2023\/wp-json\/wp\/v2\/tags?post=216886"}],"curies":[{"name":"wp","href":"https:\/\/api.w.org\/{rel}","templated":true}]}}