{"id":216565,"date":"2024-09-08T18:00:28","date_gmt":"2024-09-09T00:00:28","guid":{"rendered":"https:\/\/www.enteratever.com\/2023\/?p=216565"},"modified":"2024-09-08T18:00:28","modified_gmt":"2024-09-09T00:00:28","slug":"toma-protesta-nueva-directiva-del-centro-de-readaptacion-para-ninos-con-problemas-de-bullying-juan-manuel-alonso-rodriguez-a-c","status":"publish","type":"post","link":"https:\/\/www.enteratever.com\/2023\/2024\/09\/08\/toma-protesta-nueva-directiva-del-centro-de-readaptacion-para-ninos-con-problemas-de-bullying-juan-manuel-alonso-rodriguez-a-c\/","title":{"rendered":"Toma protesta nueva directiva del Centro de readaptaci\u00f3n para ni\u00f1os con problemas de Bullying \u201cJuan Manuel Alonso Rodr\u00edguez\u201d A.C."},"content":{"rendered":"<p>Visitas: 9<\/p><p>* Estar\u00e1 integrada por profesionistas y profesionales que vincular\u00e1n con instituciones y realizar\u00e1n m\u00faltiples actividades. <\/p>\n<p>Tras rendir honores al l\u00e1baro patrio y entregar nombramientos, Juan Manuel Alonso Rodr\u00edguez, fundador y presidente del Centro de Readaptaci\u00f3n para Ni\u00f1os con Problemas de Bullying, \u201cJuan Manuel Alonso Rodr\u00edguez\u201d A.C., tom\u00f3 protesta a la nueva asamblea directiva general.<\/p>\n<p>Este \u00f3rgano encargado de vincular con instituciones y realizar m\u00faltiples actividades qued\u00f3 integrado por profesionistas y profesionales, quienes tiene la noble intensi\u00f3n de trabajar como sociedad civil organizada.<\/p>\n<p>Como vicepresidenta estar\u00e1 la Dra. Honoris Causa, Janeth Marian Alonso Rodr\u00edguez y como Secretario General, Lic. Juan Jes\u00fas Morales Nava.<\/p>\n<p>Como Asesores Directivos colaborar\u00e1n la Dr. Andrea Betsab\u00e9 Delgado Cisneros, el Ing. Oswaldo Aguilar Camet y el Dr. Eduardo Carre\u00f3n Mu\u00f1oz, as\u00ed como la Dra. Mar\u00eda Del Carmen Mac\u00edas Ballesteros, como Asesora de investigaci\u00f3n.<\/p>\n<p>Los vocales ser\u00e1n el Lic. Enrique Lira Escobar y la Lic. Nidia Hern\u00e1ndez.<br \/>\nComo delegados fungir\u00e1n en Cultura el Lic. Francisco Benavides Cobos; en Adultos Mayores, Melanie Alejandra Ib\u00e1\u00f1ez Saint-Andr\u00e9; en Mujeres Lic. Berenice Drouaillet Cast\u00e1n; en Relaciones Internacionales, Ximena Lira Hern\u00e1ndez y en Salud la Dra. Magda Estefany Espinosa Carbajal.<\/p>\n<p>Las Voces de honor ser\u00e1n el Lic. Ram\u00f3n Garc\u00eda Sol\u00eds; la Lic. Laura Elizabeth Lechuga N\u00fa\u00f1ez; Lic. Francisco Javier L\u00f3pez G\u00f3mez; Lic. Luc\u00eda Avil\u00e9s Alvarado, la C. Martha Patricia Mu\u00f1oz Sandoval, la C. Michelle Contreras Alcaraz y la C. Ailed Guadalupe Garc\u00eda Cano.<\/p>\n<p>Juan Manuel Alonso Rodr\u00edguez, destac\u00f3 que adem\u00e1s de las actividades ordinarias y de la misi\u00f3n de la lucha contra el bullying con la certificaci\u00f3n de escuelas, est\u00e1 la vinculaci\u00f3n con institutos internacionales como el AloRod, con lo que se busca capacitar a j\u00f3venes para competitividad laboral y el emprendimiento empresarial.<br \/>\nSubray\u00f3, que con esta medida tambi\u00e9n se busca evitar la fuga de talentos y conseguir que brillantes cerebros se queden en Poza Rica, para mejorar la ciudad y la calidad de vida de los habitantes de toda la regi\u00f3n.<\/p>\n<p>Cabe recordar que este Centro contra el Bullying, fue fundado tras recibir Juan Manuel Alonso Rodr\u00edguez, el Premio Nacional de la Juventud 2014, como resultado de la publicaci\u00f3n del libro \u00abBullying, un problema que tiene soluci\u00f3n\u00bb, con el cual emprendi\u00f3 el largo camino para luchar contra esta conducta negativa.<\/p>\n","protected":false},"excerpt":{"rendered":"<p>Visitas: 9* Estar\u00e1 integrada por profesionistas y profesionales que vincular\u00e1n con instituciones y realizar\u00e1n m\u00faltiples actividades. Tras rendir honores al l\u00e1baro patrio y entregar nombramientos, Juan Manuel Alonso Rodr\u00edguez, fundador y presidente del Centro de Readaptaci\u00f3n para Ni\u00f1os con Problemas de Bullying, \u201cJuan Manuel Alonso Rodr\u00edguez\u201d A.C., tom\u00f3 protesta a la nueva asamblea directiva general. [&hellip;]<\/p>\n","protected":false},"author":4,"featured_media":216567,"comment_status":"open","ping_status":"open","sticky":false,"template":"","format":"standard","meta":{"footnotes":""},"categories":[299,213,219],"tags":[41,17],"class_list":{"0":"post-216565","1":"post","2":"type-post","3":"status-publish","4":"format-standard","5":"has-post-thumbnail","7":"category-notas-locales","8":"category-poza-rica","9":"category-zona-norte","10":"tag-portada","11":"tag-poza-rica"},"nelio_content":{"isAutoShareEnabled":true,"autoShareEndMode":"never","automationSources":{"useCustomSentences":false,"customSentences":[]},"followers":[7,4],"suggestedReferences":[],"efiUrl":"","efiAlt":"","highlights":[],"permalinkQueryArgs":[],"series":[]},"_links":{"self":[{"href":"https:\/\/www.enteratever.com\/2023\/wp-json\/wp\/v2\/posts\/216565","targetHints":{"allow":["GET"]}}],"collection":[{"href":"https:\/\/www.enteratever.com\/2023\/wp-json\/wp\/v2\/posts"}],"about":[{"href":"https:\/\/www.enteratever.com\/2023\/wp-json\/wp\/v2\/types\/post"}],"author":[{"embeddable":true,"href":"https:\/\/www.enteratever.com\/2023\/wp-json\/wp\/v2\/users\/4"}],"replies":[{"embeddable":true,"href":"https:\/\/www.enteratever.com\/2023\/wp-json\/wp\/v2\/comments?post=216565"}],"version-history":[{"count":1,"href":"https:\/\/www.enteratever.com\/2023\/wp-json\/wp\/v2\/posts\/216565\/revisions"}],"predecessor-version":[{"id":216568,"href":"https:\/\/www.enteratever.com\/2023\/wp-json\/wp\/v2\/posts\/216565\/revisions\/216568"}],"wp:featuredmedia":[{"embeddable":true,"href":"https:\/\/www.enteratever.com\/2023\/wp-json\/wp\/v2\/media\/216567"}],"wp:attachment":[{"href":"https:\/\/www.enteratever.com\/2023\/wp-json\/wp\/v2\/media?parent=216565"}],"wp:term":[{"taxonomy":"category","embeddable":true,"href":"https:\/\/www.enteratever.com\/2023\/wp-json\/wp\/v2\/categories?post=216565"},{"taxonomy":"post_tag","embeddable":true,"href":"https:\/\/www.enteratever.com\/2023\/wp-json\/wp\/v2\/tags?post=216565"}],"curies":[{"name":"wp","href":"https:\/\/api.w.org\/{rel}","templated":true}]}}