{"id":216225,"date":"2024-09-01T19:29:55","date_gmt":"2024-09-02T01:29:55","guid":{"rendered":"https:\/\/www.enteratever.com\/2023\/?p=216225"},"modified":"2024-09-01T19:29:55","modified_gmt":"2024-09-02T01:29:55","slug":"colectivos-de-busqueda-piden-laboratorio-genetico-y-panteon-ministerial-en-poza-rica","status":"publish","type":"post","link":"https:\/\/www.enteratever.com\/2023\/2024\/09\/01\/colectivos-de-busqueda-piden-laboratorio-genetico-y-panteon-ministerial-en-poza-rica\/","title":{"rendered":"Colectivos de B\u00fasqueda piden laboratorio gen\u00e9tico y pante\u00f3n ministerial en Poza Rica"},"content":{"rendered":"<p>Visitas: 11<\/p><p>Integrantes del Colectivo de B\u00fasqueda Mar\u00eda Herrera Poza Rica, manifestaron que es necesario un laboratorio gen\u00e9tico, as\u00ed como un pante\u00f3n ministerial en la ciudad, por lo que el proyecto ya fue presentado ante autoridades municipales como tambi\u00e9n a estatales, por lo que est\u00e1n a la espera que se les pueda dar una respuesta a su petici\u00f3n.<\/p>\n<p>En este sentido Mericel Torres Melo, representante del Colectivo Mar\u00eda Herrera, manifest\u00f3 que existen una gran cantidad de personas que a\u00fan no han podido ser identificadas es por esta raz\u00f3n que est\u00e1n solicitando dicho laboratorio para que se les puedan realizar las pruebas correspondientes y puedan ser identificados.<\/p>\n<p>\u00abEstamos rebasados en desapariciones, estamos rebasados de cuerpos que est\u00e1n acumulados, necesitamos que sean identificados todos esos cuerpos que como colectivo hemos ido encontrando en la b\u00fasqueda de nuestros seres queridos, es por eso que nos atrevemos a solicitar el laboratorio gen\u00e9tico y el pante\u00f3n ministerial\u00bb, expresaron <\/p>\n<p>Pidieron mantener una reuni\u00f3n con la gobernadora electa Roc\u00edo Nahle Garc\u00eda, a qui\u00e9n le solicitar\u00e1n mayor presupuesto para la fiscal\u00eda, as\u00ed tambi\u00e9n pedido a la presidenta electa Claudia Sheinbaum Pardo el que les d\u00e9 a conocer las acciones que estar\u00e1 implementando para apoyar a los colectivos de b\u00fasqueda a nivel nacional.<\/p>\n<p>Los integrantes del colectivo pidieron a las autoridades de los tres niveles que no se olviden de sus peticiones, pues es una forma de apoyar a los colectivos a dar con el paradero de sus familiares, as\u00ed mismo puntualizaron que seguir\u00e1n trabajando para buscar m\u00e1s apoyos para los colectivos en su b\u00fasqueda por sus familiares que han sido privadas de la libertad.<\/p>\n","protected":false},"excerpt":{"rendered":"<p>Visitas: 11Integrantes del Colectivo de B\u00fasqueda Mar\u00eda Herrera Poza Rica, manifestaron que es necesario un laboratorio gen\u00e9tico, as\u00ed como un pante\u00f3n ministerial en la ciudad, por lo que el proyecto ya fue presentado ante autoridades municipales como tambi\u00e9n a estatales, por lo que est\u00e1n a la espera que se les pueda dar una respuesta a [&hellip;]<\/p>\n","protected":false},"author":4,"featured_media":216229,"comment_status":"open","ping_status":"open","sticky":false,"template":"","format":"standard","meta":{"footnotes":""},"categories":[299,213,219],"tags":[41,17],"class_list":{"0":"post-216225","1":"post","2":"type-post","3":"status-publish","4":"format-standard","5":"has-post-thumbnail","7":"category-notas-locales","8":"category-poza-rica","9":"category-zona-norte","10":"tag-portada","11":"tag-poza-rica"},"nelio_content":{"isAutoShareEnabled":true,"autoShareEndMode":"never","automationSources":{"useCustomSentences":false,"customSentences":[]},"followers":[7,4],"suggestedReferences":[],"efiUrl":"","efiAlt":"","highlights":[],"permalinkQueryArgs":[],"series":[]},"_links":{"self":[{"href":"https:\/\/www.enteratever.com\/2023\/wp-json\/wp\/v2\/posts\/216225","targetHints":{"allow":["GET"]}}],"collection":[{"href":"https:\/\/www.enteratever.com\/2023\/wp-json\/wp\/v2\/posts"}],"about":[{"href":"https:\/\/www.enteratever.com\/2023\/wp-json\/wp\/v2\/types\/post"}],"author":[{"embeddable":true,"href":"https:\/\/www.enteratever.com\/2023\/wp-json\/wp\/v2\/users\/4"}],"replies":[{"embeddable":true,"href":"https:\/\/www.enteratever.com\/2023\/wp-json\/wp\/v2\/comments?post=216225"}],"version-history":[{"count":1,"href":"https:\/\/www.enteratever.com\/2023\/wp-json\/wp\/v2\/posts\/216225\/revisions"}],"predecessor-version":[{"id":216233,"href":"https:\/\/www.enteratever.com\/2023\/wp-json\/wp\/v2\/posts\/216225\/revisions\/216233"}],"wp:featuredmedia":[{"embeddable":true,"href":"https:\/\/www.enteratever.com\/2023\/wp-json\/wp\/v2\/media\/216229"}],"wp:attachment":[{"href":"https:\/\/www.enteratever.com\/2023\/wp-json\/wp\/v2\/media?parent=216225"}],"wp:term":[{"taxonomy":"category","embeddable":true,"href":"https:\/\/www.enteratever.com\/2023\/wp-json\/wp\/v2\/categories?post=216225"},{"taxonomy":"post_tag","embeddable":true,"href":"https:\/\/www.enteratever.com\/2023\/wp-json\/wp\/v2\/tags?post=216225"}],"curies":[{"name":"wp","href":"https:\/\/api.w.org\/{rel}","templated":true}]}}