{"id":216208,"date":"2024-08-30T14:16:43","date_gmt":"2024-08-30T20:16:43","guid":{"rendered":"https:\/\/www.enteratever.com\/2023\/?p=216208"},"modified":"2024-08-30T14:16:43","modified_gmt":"2024-08-30T20:16:43","slug":"continua-retiro-de-autos-maceta-en-papantla","status":"publish","type":"post","link":"https:\/\/www.enteratever.com\/2023\/2024\/08\/30\/continua-retiro-de-autos-maceta-en-papantla\/","title":{"rendered":"Contin\u00faa retiro de autos maceta en Papantla"},"content":{"rendered":"<p>Visitas: 21<\/p><p>Con el fin de mantener libre las calles de Papantla de autos que se encuentren en estado de abandono o como se les conoce autos maceta contin\u00faa el retiro de este tipo de unidades.<\/p>\n<p>Previamente antes de realizar un retiro, los due\u00f1os de los veh\u00edculos son notificados en el dado caso que el due\u00f1o no realice el movimiento de la unidad est\u00e1 ser\u00eda llevada al corral\u00f3n .<\/p>\n<p>Fue a trav\u00e9s del personal de Tr\u00e1nsito y Seguridad Vial que realizaran este operativo. Por su parte El delegado de Tr\u00e1nsito, Jos\u00e9 Herminio P\u00f3lito M\u00e9rida, inform\u00f3 que se notific\u00f3 a los due\u00f1os de estas unidades sobre el retiro y se les dio un plazo de cinco d\u00edas para mover.<\/p>\n<p>Esta vez el retiro de este tipo de unidades se efectu\u00f3 en las calles Candelaria esquina Voladores y Gildardo Mu\u00f1oz, pero se continuar\u00e1 en otras arterias, seg\u00fan solicitudes de los vecinos.<\/p>\n<p>Asimismo, P\u00f3lito M\u00e9rida destac\u00f3 la principal colaboraci\u00f3n de los vecinos al denunciar autos abandonados que en la mayor\u00eda de casos llegan a ser nido de animales y contener basura.<\/p>\n","protected":false},"excerpt":{"rendered":"<p>Visitas: 21Con el fin de mantener libre las calles de Papantla de autos que se encuentren en estado de abandono o como se les conoce autos maceta contin\u00faa el retiro de este tipo de unidades. Previamente antes de realizar un retiro, los due\u00f1os de los veh\u00edculos son notificados en el dado caso que el due\u00f1o [&hellip;]<\/p>\n","protected":false},"author":3,"featured_media":216209,"comment_status":"open","ping_status":"open","sticky":false,"template":"","format":"standard","meta":{"footnotes":""},"categories":[299,215,219],"tags":[21],"class_list":{"0":"post-216208","1":"post","2":"type-post","3":"status-publish","4":"format-standard","5":"has-post-thumbnail","7":"category-notas-locales","8":"category-papantla","9":"category-zona-norte","10":"tag-papantla"},"nelio_content":{"isAutoShareEnabled":true,"autoShareEndMode":"never","automationSources":{"useCustomSentences":false,"customSentences":[]},"followers":[7,3],"suggestedReferences":[],"efiUrl":"","efiAlt":"","highlights":[],"permalinkQueryArgs":[],"series":[]},"_links":{"self":[{"href":"https:\/\/www.enteratever.com\/2023\/wp-json\/wp\/v2\/posts\/216208","targetHints":{"allow":["GET"]}}],"collection":[{"href":"https:\/\/www.enteratever.com\/2023\/wp-json\/wp\/v2\/posts"}],"about":[{"href":"https:\/\/www.enteratever.com\/2023\/wp-json\/wp\/v2\/types\/post"}],"author":[{"embeddable":true,"href":"https:\/\/www.enteratever.com\/2023\/wp-json\/wp\/v2\/users\/3"}],"replies":[{"embeddable":true,"href":"https:\/\/www.enteratever.com\/2023\/wp-json\/wp\/v2\/comments?post=216208"}],"version-history":[{"count":1,"href":"https:\/\/www.enteratever.com\/2023\/wp-json\/wp\/v2\/posts\/216208\/revisions"}],"predecessor-version":[{"id":216211,"href":"https:\/\/www.enteratever.com\/2023\/wp-json\/wp\/v2\/posts\/216208\/revisions\/216211"}],"wp:featuredmedia":[{"embeddable":true,"href":"https:\/\/www.enteratever.com\/2023\/wp-json\/wp\/v2\/media\/216209"}],"wp:attachment":[{"href":"https:\/\/www.enteratever.com\/2023\/wp-json\/wp\/v2\/media?parent=216208"}],"wp:term":[{"taxonomy":"category","embeddable":true,"href":"https:\/\/www.enteratever.com\/2023\/wp-json\/wp\/v2\/categories?post=216208"},{"taxonomy":"post_tag","embeddable":true,"href":"https:\/\/www.enteratever.com\/2023\/wp-json\/wp\/v2\/tags?post=216208"}],"curies":[{"name":"wp","href":"https:\/\/api.w.org\/{rel}","templated":true}]}}