{"id":216152,"date":"2024-08-29T10:09:57","date_gmt":"2024-08-29T16:09:57","guid":{"rendered":"https:\/\/www.enteratever.com\/2023\/?p=216152"},"modified":"2024-08-29T10:09:57","modified_gmt":"2024-08-29T16:09:57","slug":"realizan-jornada-de-corte-de-cabello-gratuito-en-coatzacoalcos","status":"publish","type":"post","link":"https:\/\/www.enteratever.com\/2023\/2024\/08\/29\/realizan-jornada-de-corte-de-cabello-gratuito-en-coatzacoalcos\/","title":{"rendered":"Realizan \u2018Jornada de Corte de Cabello Gratuito\u2019 en Coatzacoalcos"},"content":{"rendered":"<p>Visitas: 0<\/p><p>Para contribuir con la econom\u00eda familiar en este regreso a clases el Ayuntamiento de Coatzacoalcos, a trav\u00e9s de la Direcci\u00f3n de Desarrollo Social a cargo de Margarita Santopietro Peralta, realiz\u00f3 una \u2018Jornada de Corte de Cabello Gratuito\u2019 en el Sal\u00f3n de Usos M\u00faltiples del parque Independencia.<\/p>\n<p>El programa que se brind\u00f3 esta semana favoreci\u00f3 principalmente a decenas de ni\u00f1os y j\u00f3venes estudiantes, a madres, padres de familia y tambi\u00e9n a la poblaci\u00f3n en general de bajos recursos, con la finalidad de beneficiar con estas actividades al mayor n\u00famero de personas posible.<\/p>\n<p>En la suma de esfuerzos, se cont\u00f3 con el apoyo del Instituto de Capacitaci\u00f3n para el Trabajo (Icataver) con quienes frecuentemente se llevan a cabo jornadas con servicios sin costo como limpiezas faciales y en este caso, cortes de cabello.<\/p>\n<p>De esta manera, el gobierno municipal que preside Amado Cruz Malpica agradece el apoyo que recibe siempre de parte del Icatver y por contribuir con la Direcci\u00f3n de Desarrollo Social en beneficio de la ciudadan\u00eda que m\u00e1s lo necesita.<\/p>\n","protected":false},"excerpt":{"rendered":"<p>Visitas: 0Para contribuir con la econom\u00eda familiar en este regreso a clases el Ayuntamiento de Coatzacoalcos, a trav\u00e9s de la Direcci\u00f3n de Desarrollo Social a cargo de Margarita Santopietro Peralta, realiz\u00f3 una \u2018Jornada de Corte de Cabello Gratuito\u2019 en el Sal\u00f3n de Usos M\u00faltiples del parque Independencia. El programa que se brind\u00f3 esta semana favoreci\u00f3 [&hellip;]<\/p>\n","protected":false},"author":2,"featured_media":216153,"comment_status":"open","ping_status":"open","sticky":false,"template":"","format":"standard","meta":{"footnotes":""},"categories":[242,241],"tags":[244],"class_list":{"0":"post-216152","1":"post","2":"type-post","3":"status-publish","4":"format-standard","5":"has-post-thumbnail","7":"category-coatzacoalcos","8":"category-zona-sur","9":"tag-coatzacoalcos"},"nelio_content":{"isAutoShareEnabled":true,"autoShareEndMode":"never","automationSources":{"useCustomSentences":false,"customSentences":[]},"followers":[7,2],"suggestedReferences":[],"efiUrl":"","efiAlt":"","highlights":[],"permalinkQueryArgs":[],"series":[]},"_links":{"self":[{"href":"https:\/\/www.enteratever.com\/2023\/wp-json\/wp\/v2\/posts\/216152","targetHints":{"allow":["GET"]}}],"collection":[{"href":"https:\/\/www.enteratever.com\/2023\/wp-json\/wp\/v2\/posts"}],"about":[{"href":"https:\/\/www.enteratever.com\/2023\/wp-json\/wp\/v2\/types\/post"}],"author":[{"embeddable":true,"href":"https:\/\/www.enteratever.com\/2023\/wp-json\/wp\/v2\/users\/2"}],"replies":[{"embeddable":true,"href":"https:\/\/www.enteratever.com\/2023\/wp-json\/wp\/v2\/comments?post=216152"}],"version-history":[{"count":1,"href":"https:\/\/www.enteratever.com\/2023\/wp-json\/wp\/v2\/posts\/216152\/revisions"}],"predecessor-version":[{"id":216154,"href":"https:\/\/www.enteratever.com\/2023\/wp-json\/wp\/v2\/posts\/216152\/revisions\/216154"}],"wp:featuredmedia":[{"embeddable":true,"href":"https:\/\/www.enteratever.com\/2023\/wp-json\/wp\/v2\/media\/216153"}],"wp:attachment":[{"href":"https:\/\/www.enteratever.com\/2023\/wp-json\/wp\/v2\/media?parent=216152"}],"wp:term":[{"taxonomy":"category","embeddable":true,"href":"https:\/\/www.enteratever.com\/2023\/wp-json\/wp\/v2\/categories?post=216152"},{"taxonomy":"post_tag","embeddable":true,"href":"https:\/\/www.enteratever.com\/2023\/wp-json\/wp\/v2\/tags?post=216152"}],"curies":[{"name":"wp","href":"https:\/\/api.w.org\/{rel}","templated":true}]}}