{"id":216132,"date":"2024-08-28T16:44:59","date_gmt":"2024-08-28T22:44:59","guid":{"rendered":"https:\/\/www.enteratever.com\/2023\/?p=216132"},"modified":"2024-08-28T16:44:59","modified_gmt":"2024-08-28T22:44:59","slug":"se-mantiene-la-manifestacion-por-parte-de-trabajadores-del-pjf-en-poza-rica","status":"publish","type":"post","link":"https:\/\/www.enteratever.com\/2023\/2024\/08\/28\/se-mantiene-la-manifestacion-por-parte-de-trabajadores-del-pjf-en-poza-rica\/","title":{"rendered":"Se mantiene la manifestaci\u00f3n por parte de trabajadores del PJF en Poza Rica"},"content":{"rendered":"<p>Visitas: 16<\/p><p>Este mi\u00e9rcoles se cumple una semana de que trabajadores del Poder Judicial de la Federaci\u00f3n (PJF) en Poza Rica, comenzaron el paro de labores, los cuales aseguraron que mantendr\u00e1n la protesta en contra a la reforma aprobada por la C\u00e1mara de Diputados, en la cual se est\u00e1 violentando sus derechos laborales y humanos.<\/p>\n<p>En entrevista comentaron que los trabajadores de los distritos d\u00e9cimo primero y d\u00e9cimo tercero de distrito en la s\u00e9ptima zona judicial qu\u00e9 mantendr\u00e1n la lucha y esperan la intervenci\u00f3n de \u00f3rganos internacionales, para atender este caso que no solo afecta a los trabajadores del PJF sino tambi\u00e9n al pueblo mexicano.<\/p>\n<p>\u201cSe sigue luchando, se sigue luchando y que la gente entienda que nuestra lucha es por la justicia y aunque nos digan o nos maldigan nosotros, es nuestro trabajo, es nuestro deber. Son nuestros valores y es por el valor a M\u00e9xico que hacemos todo eso\u201d, resalt\u00f3 Aurora Sol\u00eds, trabajadora.<\/p>\n<p>Mencionaron que la aprobaci\u00f3n de la repensa ha generado m\u00e1s limitantes presupuestales pese a que hay a\u00f1os en peticiones de reubicar las oficinas del PJF en Poza Rica porque el actual edificio no re\u00fane condiciones b\u00e1sicas de acceso, sobre todo para personas con alguna discapacidad.<\/p>\n<p>Los trabajadores del PJF se\u00f1alaron que el pr\u00f3ximo viernes se realizar\u00e1 una marcha pac\u00edfica y una velar\u00eda en la que invitan a la poblaci\u00f3n a general a partir de las 18:30 horas, por lo que invitaron a la poblaci\u00f3n a que se sume esta lucha, pues como ya se hab\u00eda comentado esto tambi\u00e9n afecta a la poblaci\u00f3n en general.<\/p>\n\r\n                <style type=\"text\/css\">\r\n                    \r\n                    #tdi_1  .td-doubleSlider-2 .td-item1 {\r\n                        background: url(https:\/\/www.enteratever.com\/2023\/wp-content\/uploads\/2024\/08\/locales_notas_304-80x60.jpeg) 0 0 no-repeat;\r\n                    }\r\n                    #tdi_1  .td-doubleSlider-2 .td-item2 {\r\n                        background: url(https:\/\/www.enteratever.com\/2023\/wp-content\/uploads\/2024\/08\/locales_notas_305-80x60.jpeg) 0 0 no-repeat;\r\n                    }\r\n                    #tdi_1  .td-doubleSlider-2 .td-item3 {\r\n                        background: url(https:\/\/www.enteratever.com\/2023\/wp-content\/uploads\/2024\/08\/locales_notas_306-80x60.jpeg) 0 0 no-repeat;\r\n                    }\r\n                <\/style>\r\n\r\n                <div id=\"tdi_1\" class=\"td-gallery td-slide-on-2-columns\">\r\n                    <div class=\"post_td_gallery\">\r\n                        <div class=\"td-gallery-slide-top\">\r\n                           <div class=\"td-gallery-title\"><\/div>\r\n\r\n                            <div class=\"td-gallery-controls-wrapper\">\r\n                                <div class=\"td-gallery-slide-count\"><span class=\"td-gallery-slide-item-focus\">1<\/span> de 3<\/div>\r\n                                <div class=\"td-gallery-slide-prev-next-but\">\r\n                                    <i class = \"td-icon-left doubleSliderPrevButton\"><\/i>\r\n                                    <i class = \"td-icon-right doubleSliderNextButton\"><\/i>\r\n                                <\/div>\r\n                            <\/div>\r\n                        <\/div>\r\n\r\n                        <div class = \"td-doubleSlider-1 \">\r\n                            <div class = \"td-slider\">\r\n                                \r\n                    <div class = \"td-slide-item td-item1\">\r\n                        <figure class=\"td-slide-galery-figure td-slide-popup-gallery\">\r\n                            <a class=\"slide-gallery-image-link\" href=\"https:\/\/www.enteratever.com\/2023\/wp-content\/uploads\/2024\/08\/locales_notas_304.jpeg\" title=\"\"  data-caption=\"\"  data-description=\"\">\r\n                                <img decoding=\"async\" src=\"https:\/\/www.enteratever.com\/2023\/wp-content\/uploads\/2024\/08\/locales_notas_304-747x420.jpeg\" srcset=\"https:\/\/www.enteratever.com\/2023\/wp-content\/uploads\/2024\/08\/locales_notas_304-747x420.jpeg 747w, https:\/\/www.enteratever.com\/2023\/wp-content\/uploads\/2024\/08\/locales_notas_304-300x169.jpeg 300w, https:\/\/www.enteratever.com\/2023\/wp-content\/uploads\/2024\/08\/locales_notas_304-1024x576.jpeg 1024w, https:\/\/www.enteratever.com\/2023\/wp-content\/uploads\/2024\/08\/locales_notas_304-768x432.jpeg 768w, https:\/\/www.enteratever.com\/2023\/wp-content\/uploads\/2024\/08\/locales_notas_304-150x84.jpeg 150w, https:\/\/www.enteratever.com\/2023\/wp-content\/uploads\/2024\/08\/locales_notas_304-696x392.jpeg 696w, https:\/\/www.enteratever.com\/2023\/wp-content\/uploads\/2024\/08\/locales_notas_304-1068x601.jpeg 1068w, https:\/\/www.enteratever.com\/2023\/wp-content\/uploads\/2024\/08\/locales_notas_304.jpeg 1200w\" sizes=\"(max-width: 747px) 100vw, 747px\" alt=\"\">\r\n                            <\/a>\r\n                            \r\n                        <\/figure>\r\n                    <\/div>\r\n                    <div class = \"td-slide-item td-item2\">\r\n                        <figure class=\"td-slide-galery-figure td-slide-popup-gallery\">\r\n                            <a class=\"slide-gallery-image-link\" href=\"https:\/\/www.enteratever.com\/2023\/wp-content\/uploads\/2024\/08\/locales_notas_305.jpeg\" title=\"\"  data-caption=\"\"  data-description=\"\">\r\n                                <img decoding=\"async\" src=\"https:\/\/www.enteratever.com\/2023\/wp-content\/uploads\/2024\/08\/locales_notas_305-747x420.jpeg\" srcset=\"https:\/\/www.enteratever.com\/2023\/wp-content\/uploads\/2024\/08\/locales_notas_305-747x420.jpeg 747w, https:\/\/www.enteratever.com\/2023\/wp-content\/uploads\/2024\/08\/locales_notas_305-300x169.jpeg 300w, https:\/\/www.enteratever.com\/2023\/wp-content\/uploads\/2024\/08\/locales_notas_305-1024x576.jpeg 1024w, https:\/\/www.enteratever.com\/2023\/wp-content\/uploads\/2024\/08\/locales_notas_305-768x432.jpeg 768w, https:\/\/www.enteratever.com\/2023\/wp-content\/uploads\/2024\/08\/locales_notas_305-150x84.jpeg 150w, https:\/\/www.enteratever.com\/2023\/wp-content\/uploads\/2024\/08\/locales_notas_305-696x392.jpeg 696w, https:\/\/www.enteratever.com\/2023\/wp-content\/uploads\/2024\/08\/locales_notas_305-1068x601.jpeg 1068w, https:\/\/www.enteratever.com\/2023\/wp-content\/uploads\/2024\/08\/locales_notas_305.jpeg 1200w\" sizes=\"(max-width: 747px) 100vw, 747px\" alt=\"\">\r\n                            <\/a>\r\n                            \r\n                        <\/figure>\r\n                    <\/div>\r\n                    <div class = \"td-slide-item td-item3\">\r\n                        <figure class=\"td-slide-galery-figure td-slide-popup-gallery\">\r\n                            <a class=\"slide-gallery-image-link\" href=\"https:\/\/www.enteratever.com\/2023\/wp-content\/uploads\/2024\/08\/locales_notas_306.jpeg\" title=\"locales_notas_306\"  data-caption=\"\"  data-description=\"\">\r\n                                <img decoding=\"async\" src=\"https:\/\/www.enteratever.com\/2023\/wp-content\/uploads\/2024\/08\/locales_notas_306-747x420.jpeg\" srcset=\"https:\/\/www.enteratever.com\/2023\/wp-content\/uploads\/2024\/08\/locales_notas_306-747x420.jpeg 747w, https:\/\/www.enteratever.com\/2023\/wp-content\/uploads\/2024\/08\/locales_notas_306-300x169.jpeg 300w, https:\/\/www.enteratever.com\/2023\/wp-content\/uploads\/2024\/08\/locales_notas_306-1024x576.jpeg 1024w, https:\/\/www.enteratever.com\/2023\/wp-content\/uploads\/2024\/08\/locales_notas_306-768x432.jpeg 768w, https:\/\/www.enteratever.com\/2023\/wp-content\/uploads\/2024\/08\/locales_notas_306-150x84.jpeg 150w, https:\/\/www.enteratever.com\/2023\/wp-content\/uploads\/2024\/08\/locales_notas_306-696x392.jpeg 696w, https:\/\/www.enteratever.com\/2023\/wp-content\/uploads\/2024\/08\/locales_notas_306-1068x601.jpeg 1068w, https:\/\/www.enteratever.com\/2023\/wp-content\/uploads\/2024\/08\/locales_notas_306.jpeg 1200w\" sizes=\"(max-width: 747px) 100vw, 747px\" alt=\"\">\r\n                            <\/a>\r\n                            \r\n                        <\/figure>\r\n                    <\/div>\r\n                            <\/div>\r\n                        <\/div>\r\n\r\n                        <div class = \"td-doubleSlider-2\">\r\n                            <div class = \"td-slider\">\r\n                                \r\n                    <div class = \"td-button td-item1\">\r\n                        <div class = \"td-border\"><\/div>\r\n                    <\/div>\r\n                    <div class = \"td-button td-item2\">\r\n                        <div class = \"td-border\"><\/div>\r\n                    <\/div>\r\n                    <div class = \"td-button td-item3\">\r\n                        <div class = \"td-border\"><\/div>\r\n                    <\/div>\r\n                            <\/div>\r\n                        <\/div>\r\n\r\n                    <\/div>\r\n\r\n                <\/div>\r\n                \n","protected":false},"excerpt":{"rendered":"<p>Visitas: 16Este mi\u00e9rcoles se cumple una semana de que trabajadores del Poder Judicial de la Federaci\u00f3n (PJF) en Poza Rica, comenzaron el paro de labores, los cuales aseguraron que mantendr\u00e1n la protesta en contra a la reforma aprobada por la C\u00e1mara de Diputados, en la cual se est\u00e1 violentando sus derechos laborales y humanos. En [&hellip;]<\/p>\n","protected":false},"author":4,"featured_media":216134,"comment_status":"open","ping_status":"open","sticky":false,"template":"","format":"standard","meta":{"footnotes":""},"categories":[299,213,219],"tags":[41,17],"class_list":{"0":"post-216132","1":"post","2":"type-post","3":"status-publish","4":"format-standard","5":"has-post-thumbnail","7":"category-notas-locales","8":"category-poza-rica","9":"category-zona-norte","10":"tag-portada","11":"tag-poza-rica"},"nelio_content":{"isAutoShareEnabled":true,"autoShareEndMode":"never","automationSources":{"useCustomSentences":false,"customSentences":[]},"followers":[7,4],"suggestedReferences":[],"efiUrl":"","efiAlt":"","highlights":[],"permalinkQueryArgs":[],"series":[]},"_links":{"self":[{"href":"https:\/\/www.enteratever.com\/2023\/wp-json\/wp\/v2\/posts\/216132","targetHints":{"allow":["GET"]}}],"collection":[{"href":"https:\/\/www.enteratever.com\/2023\/wp-json\/wp\/v2\/posts"}],"about":[{"href":"https:\/\/www.enteratever.com\/2023\/wp-json\/wp\/v2\/types\/post"}],"author":[{"embeddable":true,"href":"https:\/\/www.enteratever.com\/2023\/wp-json\/wp\/v2\/users\/4"}],"replies":[{"embeddable":true,"href":"https:\/\/www.enteratever.com\/2023\/wp-json\/wp\/v2\/comments?post=216132"}],"version-history":[{"count":1,"href":"https:\/\/www.enteratever.com\/2023\/wp-json\/wp\/v2\/posts\/216132\/revisions"}],"predecessor-version":[{"id":216136,"href":"https:\/\/www.enteratever.com\/2023\/wp-json\/wp\/v2\/posts\/216132\/revisions\/216136"}],"wp:featuredmedia":[{"embeddable":true,"href":"https:\/\/www.enteratever.com\/2023\/wp-json\/wp\/v2\/media\/216134"}],"wp:attachment":[{"href":"https:\/\/www.enteratever.com\/2023\/wp-json\/wp\/v2\/media?parent=216132"}],"wp:term":[{"taxonomy":"category","embeddable":true,"href":"https:\/\/www.enteratever.com\/2023\/wp-json\/wp\/v2\/categories?post=216132"},{"taxonomy":"post_tag","embeddable":true,"href":"https:\/\/www.enteratever.com\/2023\/wp-json\/wp\/v2\/tags?post=216132"}],"curies":[{"name":"wp","href":"https:\/\/api.w.org\/{rel}","templated":true}]}}