{"id":216089,"date":"2024-08-28T10:57:03","date_gmt":"2024-08-28T16:57:03","guid":{"rendered":"https:\/\/www.enteratever.com\/2023\/?p=216089"},"modified":"2024-08-28T10:57:03","modified_gmt":"2024-08-28T16:57:03","slug":"rinden-homenaje-a-armando-lopez-guillen-y-se-institucionaliza-la-medalla-que-llevara-su-nombre","status":"publish","type":"post","link":"https:\/\/www.enteratever.com\/2023\/2024\/08\/28\/rinden-homenaje-a-armando-lopez-guillen-y-se-institucionaliza-la-medalla-que-llevara-su-nombre\/","title":{"rendered":"Rinden homenaje a Armando L\u00f3pez Guill\u00e9n y se institucionaliza la Medalla que llevar\u00e1 su nombre"},"content":{"rendered":"<p>Visitas: 1<\/p><p>En el sal\u00f3n de Cordobeses Ilustres del palacio municipal organizaciones civiles realizaron un homenaje al destacado cordob\u00e9s Armando L\u00f3pez Guill\u00e9n, a quien entregaron una medalla a nombre de la sociedad cordobesa y anunciaron la instituci\u00f3n de la Medalla que lleva su nombre y se entregar\u00e1 cada a\u00f1o a quienes destaquen por su integridad en el desempe\u00f1o del servicio p\u00fablico.<\/p>\n<p>A lo largo de su trayectoria desempe\u00f1\u00f3 varios cargos, entre los que destac\u00f3 como titular de la sindicatura segunda en la administraci\u00f3n de Guillermo Garc\u00eda Rivera de 1967 a 1970; diputado local suplente, secretario del Colegio de Abogados de C\u00f3rdoba por 11 a\u00f1os; fundador de la biblioteca p\u00fablica municipal en 1968; gerente general del Patronato Cordob\u00e9s de la Universidad Veracruzana; de 1991 a 2014 Coordinador Regional de Oficiales del Registro Civil y oficial del Registro Civil de C\u00f3rdoba, y quien durante su encargo, realiz\u00f3 17 mil 900 casamientos por la v\u00eda civil.<\/p>\n<p>Entre otras destacadas participaciones en su trayectoria, a sus 87 a\u00f1os de edad, los cordobeses le rinden un homenaje.<\/p>\n<p>EL presidente municipal, Juan Mart\u00ednez Flores estuvo representado por Saulo Suazo Sosa, titular de la oficina municipal de Catastro; asisti\u00f3 el regidor sexto, Armando de la Llave Migoni; en representaci\u00f3n de la s\u00edndica del ayuntamiento Vania L\u00f3pez Gonz\u00e1lez, estuvo Teresita Baz\u00e1n G\u00e1mez, el encargado del registro civil de esta ciudad , Omar Francisco Bautista M\u00e9ndez, Jos\u00e9 Antonio Ram\u00edrez Rodr\u00edguez exalcalde del municipio de Fort\u00edn, la regidora del municipio de Fort\u00edn Lupita Tepepa, y Jos\u00e9 Mora Mu\u00f1oz.<\/p>\n<p>Los oradores fueron Rosalinda Huerta Rivadeneyra, Mar\u00eda Antonia Jim\u00e9nez Estrada y Jos\u00e9 Antonio Villegas Heredia.<\/p>\n","protected":false},"excerpt":{"rendered":"<p>Visitas: 1En el sal\u00f3n de Cordobeses Ilustres del palacio municipal organizaciones civiles realizaron un homenaje al destacado cordob\u00e9s Armando L\u00f3pez Guill\u00e9n, a quien entregaron una medalla a nombre de la sociedad cordobesa y anunciaron la instituci\u00f3n de la Medalla que lleva su nombre y se entregar\u00e1 cada a\u00f1o a quienes destaquen por su integridad en [&hellip;]<\/p>\n","protected":false},"author":2,"featured_media":216092,"comment_status":"open","ping_status":"open","sticky":false,"template":"","format":"standard","meta":{"footnotes":""},"categories":[239,236],"tags":[248],"class_list":{"0":"post-216089","1":"post","2":"type-post","3":"status-publish","4":"format-standard","5":"has-post-thumbnail","7":"category-cordoba","8":"category-zona-centro","9":"tag-cordoba"},"nelio_content":{"isAutoShareEnabled":true,"autoShareEndMode":"never","automationSources":{"useCustomSentences":false,"customSentences":[]},"followers":[7,2],"suggestedReferences":[],"efiUrl":"","efiAlt":"","highlights":[],"permalinkQueryArgs":[],"series":[]},"_links":{"self":[{"href":"https:\/\/www.enteratever.com\/2023\/wp-json\/wp\/v2\/posts\/216089","targetHints":{"allow":["GET"]}}],"collection":[{"href":"https:\/\/www.enteratever.com\/2023\/wp-json\/wp\/v2\/posts"}],"about":[{"href":"https:\/\/www.enteratever.com\/2023\/wp-json\/wp\/v2\/types\/post"}],"author":[{"embeddable":true,"href":"https:\/\/www.enteratever.com\/2023\/wp-json\/wp\/v2\/users\/2"}],"replies":[{"embeddable":true,"href":"https:\/\/www.enteratever.com\/2023\/wp-json\/wp\/v2\/comments?post=216089"}],"version-history":[{"count":1,"href":"https:\/\/www.enteratever.com\/2023\/wp-json\/wp\/v2\/posts\/216089\/revisions"}],"predecessor-version":[{"id":216091,"href":"https:\/\/www.enteratever.com\/2023\/wp-json\/wp\/v2\/posts\/216089\/revisions\/216091"}],"wp:featuredmedia":[{"embeddable":true,"href":"https:\/\/www.enteratever.com\/2023\/wp-json\/wp\/v2\/media\/216092"}],"wp:attachment":[{"href":"https:\/\/www.enteratever.com\/2023\/wp-json\/wp\/v2\/media?parent=216089"}],"wp:term":[{"taxonomy":"category","embeddable":true,"href":"https:\/\/www.enteratever.com\/2023\/wp-json\/wp\/v2\/categories?post=216089"},{"taxonomy":"post_tag","embeddable":true,"href":"https:\/\/www.enteratever.com\/2023\/wp-json\/wp\/v2\/tags?post=216089"}],"curies":[{"name":"wp","href":"https:\/\/api.w.org\/{rel}","templated":true}]}}