{"id":215958,"date":"2024-08-26T10:19:21","date_gmt":"2024-08-26T16:19:21","guid":{"rendered":"https:\/\/www.enteratever.com\/2023\/?p=215958"},"modified":"2024-08-26T10:19:21","modified_gmt":"2024-08-26T16:19:21","slug":"colectivo-maria-herrera-anuncian-marcha-en-poza-rica","status":"publish","type":"post","link":"https:\/\/www.enteratever.com\/2023\/2024\/08\/26\/colectivo-maria-herrera-anuncian-marcha-en-poza-rica\/","title":{"rendered":"Colectivo Mar\u00eda Herrera anuncian marcha en Poza Rica"},"content":{"rendered":"<p>Visitas: 12<\/p><p>Integrantes del Colectivo de B\u00fasqueda de Personas Mar\u00eda Herrera, han anunciado que el pr\u00f3ximo 30 de agosto estar\u00e1n llevando a cabo una marcha en conmemoraci\u00f3n del D\u00eda Internacional de las V\u00edctimas de Desapariciones Forzadas, la cual ha sido denominada \u201cMarcha de la Esperanza por Nuestros Desaparecidos\u201d.<\/p>\n<p>A trav\u00e9s de esta marcha se busca sensibilizar la problem\u00e1tica de quienes han sido v\u00edctimas de esta problem\u00e1tica que se registra a nivel nacional la cual ha logrado superar los m\u00e1s de 100 mil pesos en esta situaci\u00f3n y que d\u00eda a d\u00eda la cifra sigue creciendo.<\/p>\n<p>La marcha se estar\u00e1 llevando a cabo el pr\u00f3ximo 30 de agosto a las 16:00 horas, la cual estar\u00e1 partiendo del Reloj de la Paz y concluir\u00e1 en El \u00c1rbol de la Esperanza, un lugar simb\u00f3lico para las familias que buscan a sus seres queridos Se espera que la participaci\u00f3n de la comunidad sea significativa, con la asistencia de familiares, amigos y activistas que demandan justicia y respuestas.<\/p>\n<p>La \u00abMarcha de la Esperanza\u00bb representa un espacio de lucha y esperanza para las familias que enfrentan la angustia de la desaparici\u00f3n de sus seres queridos. A trav\u00e9s de esta manifestaci\u00f3n, los colectivos buscan no solo recordar a los desaparecidos, sino tambi\u00e9n exigir acciones concretas por parte de las autoridades para resolver estos casos y prevenir futuras desapariciones.<\/p>\n<p>A trav\u00e9s de sus redes sociales los integrantes del colectivo lanz\u00f3 la invitaci\u00f3n a la poblaci\u00f3n en general, para que acudan y los acompa\u00f1en a la marcha que han organizado. Cabe destacar que se espera que para esta fecha se pueda inaugurar el Memorial que se est\u00e1 realizando en la parte inferior del distribuidor vial.<\/p>\n<p><img loading=\"lazy\" decoding=\"async\" src=\"https:\/\/www.enteratever.com\/2023\/wp-content\/uploads\/2024\/08\/WhatsApp-Image-2024-08-26-at-10.09.56-AM-169x300.jpeg\" alt=\"\" width=\"169\" height=\"300\" class=\"alignnone size-medium wp-image-215960\" srcset=\"https:\/\/www.enteratever.com\/2023\/wp-content\/uploads\/2024\/08\/WhatsApp-Image-2024-08-26-at-10.09.56-AM-169x300.jpeg 169w, https:\/\/www.enteratever.com\/2023\/wp-content\/uploads\/2024\/08\/WhatsApp-Image-2024-08-26-at-10.09.56-AM-576x1024.jpeg 576w, https:\/\/www.enteratever.com\/2023\/wp-content\/uploads\/2024\/08\/WhatsApp-Image-2024-08-26-at-10.09.56-AM-768x1365.jpeg 768w, https:\/\/www.enteratever.com\/2023\/wp-content\/uploads\/2024\/08\/WhatsApp-Image-2024-08-26-at-10.09.56-AM-864x1536.jpeg 864w, https:\/\/www.enteratever.com\/2023\/wp-content\/uploads\/2024\/08\/WhatsApp-Image-2024-08-26-at-10.09.56-AM-236x420.jpeg 236w, https:\/\/www.enteratever.com\/2023\/wp-content\/uploads\/2024\/08\/WhatsApp-Image-2024-08-26-at-10.09.56-AM-150x267.jpeg 150w, https:\/\/www.enteratever.com\/2023\/wp-content\/uploads\/2024\/08\/WhatsApp-Image-2024-08-26-at-10.09.56-AM-300x533.jpeg 300w, https:\/\/www.enteratever.com\/2023\/wp-content\/uploads\/2024\/08\/WhatsApp-Image-2024-08-26-at-10.09.56-AM-696x1237.jpeg 696w, https:\/\/www.enteratever.com\/2023\/wp-content\/uploads\/2024\/08\/WhatsApp-Image-2024-08-26-at-10.09.56-AM.jpeg 900w\" sizes=\"auto, (max-width: 169px) 100vw, 169px\" \/><\/p>\n","protected":false},"excerpt":{"rendered":"<p>Visitas: 12Integrantes del Colectivo de B\u00fasqueda de Personas Mar\u00eda Herrera, han anunciado que el pr\u00f3ximo 30 de agosto estar\u00e1n llevando a cabo una marcha en conmemoraci\u00f3n del D\u00eda Internacional de las V\u00edctimas de Desapariciones Forzadas, la cual ha sido denominada \u201cMarcha de la Esperanza por Nuestros Desaparecidos\u201d. A trav\u00e9s de esta marcha se busca sensibilizar [&hellip;]<\/p>\n","protected":false},"author":4,"featured_media":215962,"comment_status":"open","ping_status":"open","sticky":false,"template":"","format":"standard","meta":{"footnotes":""},"categories":[299,213,219],"tags":[41,17],"class_list":{"0":"post-215958","1":"post","2":"type-post","3":"status-publish","4":"format-standard","5":"has-post-thumbnail","7":"category-notas-locales","8":"category-poza-rica","9":"category-zona-norte","10":"tag-portada","11":"tag-poza-rica"},"nelio_content":{"isAutoShareEnabled":true,"autoShareEndMode":"never","automationSources":{"useCustomSentences":false,"customSentences":[]},"followers":[7,4],"suggestedReferences":[],"efiUrl":"","efiAlt":"","highlights":[],"permalinkQueryArgs":[],"series":[]},"_links":{"self":[{"href":"https:\/\/www.enteratever.com\/2023\/wp-json\/wp\/v2\/posts\/215958","targetHints":{"allow":["GET"]}}],"collection":[{"href":"https:\/\/www.enteratever.com\/2023\/wp-json\/wp\/v2\/posts"}],"about":[{"href":"https:\/\/www.enteratever.com\/2023\/wp-json\/wp\/v2\/types\/post"}],"author":[{"embeddable":true,"href":"https:\/\/www.enteratever.com\/2023\/wp-json\/wp\/v2\/users\/4"}],"replies":[{"embeddable":true,"href":"https:\/\/www.enteratever.com\/2023\/wp-json\/wp\/v2\/comments?post=215958"}],"version-history":[{"count":2,"href":"https:\/\/www.enteratever.com\/2023\/wp-json\/wp\/v2\/posts\/215958\/revisions"}],"predecessor-version":[{"id":215964,"href":"https:\/\/www.enteratever.com\/2023\/wp-json\/wp\/v2\/posts\/215958\/revisions\/215964"}],"wp:featuredmedia":[{"embeddable":true,"href":"https:\/\/www.enteratever.com\/2023\/wp-json\/wp\/v2\/media\/215962"}],"wp:attachment":[{"href":"https:\/\/www.enteratever.com\/2023\/wp-json\/wp\/v2\/media?parent=215958"}],"wp:term":[{"taxonomy":"category","embeddable":true,"href":"https:\/\/www.enteratever.com\/2023\/wp-json\/wp\/v2\/categories?post=215958"},{"taxonomy":"post_tag","embeddable":true,"href":"https:\/\/www.enteratever.com\/2023\/wp-json\/wp\/v2\/tags?post=215958"}],"curies":[{"name":"wp","href":"https:\/\/api.w.org\/{rel}","templated":true}]}}