{"id":215532,"date":"2024-08-19T16:26:27","date_gmt":"2024-08-19T22:26:27","guid":{"rendered":"https:\/\/www.enteratever.com\/2023\/?p=215532"},"modified":"2024-08-19T16:26:27","modified_gmt":"2024-08-19T22:26:27","slug":"tras-20-anos-habitantes-de-la-colonia-astral-contaran-con-servicios-basicos","status":"publish","type":"post","link":"https:\/\/www.enteratever.com\/2023\/2024\/08\/19\/tras-20-anos-habitantes-de-la-colonia-astral-contaran-con-servicios-basicos\/","title":{"rendered":"Tras 20 a\u00f1os habitantes de la colonia Astral contar\u00e1n con servicios b\u00e1sicos"},"content":{"rendered":"<p>Visitas: 25<\/p><p>Tras 20 a\u00f1os luchando por parte de habitantes de la colonia Astral para que se diera un dictamen por parte del Instituto Nacional Antropolog\u00eda e Historia (INAH) este lunes el regidor comisionado en Asentamientos Humanos, Ricardo Hern\u00e1ndez Mart\u00ednez inform\u00f3 que ya se cuenta con una resoluci\u00f3n a los trabajos que en meses pasados se realizaron en dicho sector.<\/p>\n<p>Manifest\u00f3 que en d\u00edas pasados acudi\u00f3 a las oficinas del INAH, en donde Esmirna Zapot P\u00e9rez, fue la encargada de entregarles esta resoluci\u00f3n, logrando as\u00ed poder continuar con el proceso con la titular de Patrimonio del Estado, Karen Sisniega Ponce, ya que este predio pertenece al Estado y una vez que pertenezca al municipio el comenzar a darle certeza jur\u00eddica a los predios.<\/p>\n<p>El edil indic\u00f3 que ser\u00e1n un promedio de 24 familias las beneficiadas con este dictamen, en donde a pesar de que se encuentra ron algunos vestigios, pero esto no eran de gran relevancia, por lo que gracias a esto se comprob\u00f3 que no existe da\u00f1o patrimonial.<\/p>\n<p>Indic\u00f3 que con esto los vecinos ya podr\u00e1n recibir los diferentes apoyos y beneficios que los tres niveles de gobierno otorgan, as\u00ed como los servicios b\u00e1sicos, como agua, drenaje, pavimentaciones y dem\u00e1s, por lo que esto representa un avance importante para la poblaci\u00f3n de este sector.<\/p>\n<p>Se\u00f1al\u00f3 que los ciudadanos han agradecido al alcalde Fernando Remes, por su intervenci\u00f3n, en donde destac\u00f3 que gracias al apoyo de la m\u00e1xima autoridad los arque\u00f3logos pudieron acudir al municipio y realizar a\u00f1os trabajos, por lo que con esta acci\u00f3n demuestran el compromiso que las autoridades mantiene con la poblaci\u00f3n.<\/p>\n<ol>\n<p><img loading=\"lazy\" decoding=\"async\" src=\"https:\/\/www.enteratever.com\/2023\/wp-content\/uploads\/2024\/08\/locales_notas_182-300x214.jpeg\" alt=\"\" width=\"300\" height=\"214\" class=\"alignnone size-medium wp-image-215534\" srcset=\"https:\/\/www.enteratever.com\/2023\/wp-content\/uploads\/2024\/08\/locales_notas_182-300x214.jpeg 300w, https:\/\/www.enteratever.com\/2023\/wp-content\/uploads\/2024\/08\/locales_notas_182-1024x729.jpeg 1024w, https:\/\/www.enteratever.com\/2023\/wp-content\/uploads\/2024\/08\/locales_notas_182-768x547.jpeg 768w, https:\/\/www.enteratever.com\/2023\/wp-content\/uploads\/2024\/08\/locales_notas_182-590x420.jpeg 590w, https:\/\/www.enteratever.com\/2023\/wp-content\/uploads\/2024\/08\/locales_notas_182-150x107.jpeg 150w, https:\/\/www.enteratever.com\/2023\/wp-content\/uploads\/2024\/08\/locales_notas_182-696x495.jpeg 696w, https:\/\/www.enteratever.com\/2023\/wp-content\/uploads\/2024\/08\/locales_notas_182-1068x760.jpeg 1068w, https:\/\/www.enteratever.com\/2023\/wp-content\/uploads\/2024\/08\/locales_notas_182-100x70.jpeg 100w, https:\/\/www.enteratever.com\/2023\/wp-content\/uploads\/2024\/08\/locales_notas_182.jpeg 1200w\" sizes=\"auto, (max-width: 300px) 100vw, 300px\" \/><\/p>\n<p><img loading=\"lazy\" decoding=\"async\" src=\"https:\/\/www.enteratever.com\/2023\/wp-content\/uploads\/2024\/08\/locales_notas_183-300x225.jpeg\" alt=\"\" width=\"300\" height=\"225\" class=\"alignnone size-medium wp-image-215535\" srcset=\"https:\/\/www.enteratever.com\/2023\/wp-content\/uploads\/2024\/08\/locales_notas_183-300x225.jpeg 300w, https:\/\/www.enteratever.com\/2023\/wp-content\/uploads\/2024\/08\/locales_notas_183-1024x768.jpeg 1024w, https:\/\/www.enteratever.com\/2023\/wp-content\/uploads\/2024\/08\/locales_notas_183-768x576.jpeg 768w, https:\/\/www.enteratever.com\/2023\/wp-content\/uploads\/2024\/08\/locales_notas_183-560x420.jpeg 560w, https:\/\/www.enteratever.com\/2023\/wp-content\/uploads\/2024\/08\/locales_notas_183-80x60.jpeg 80w, https:\/\/www.enteratever.com\/2023\/wp-content\/uploads\/2024\/08\/locales_notas_183-150x113.jpeg 150w, https:\/\/www.enteratever.com\/2023\/wp-content\/uploads\/2024\/08\/locales_notas_183-696x522.jpeg 696w, https:\/\/www.enteratever.com\/2023\/wp-content\/uploads\/2024\/08\/locales_notas_183-1068x801.jpeg 1068w, https:\/\/www.enteratever.com\/2023\/wp-content\/uploads\/2024\/08\/locales_notas_183-265x198.jpeg 265w, https:\/\/www.enteratever.com\/2023\/wp-content\/uploads\/2024\/08\/locales_notas_183.jpeg 1200w\" sizes=\"auto, (max-width: 300px) 100vw, 300px\" \/><\/p>\n","protected":false},"excerpt":{"rendered":"<p>Visitas: 25Tras 20 a\u00f1os luchando por parte de habitantes de la colonia Astral para que se diera un dictamen por parte del Instituto Nacional Antropolog\u00eda e Historia (INAH) este lunes el regidor comisionado en Asentamientos Humanos, Ricardo Hern\u00e1ndez Mart\u00ednez inform\u00f3 que ya se cuenta con una resoluci\u00f3n a los trabajos que en meses pasados se [&hellip;]<\/p>\n","protected":false},"author":4,"featured_media":215535,"comment_status":"open","ping_status":"open","sticky":false,"template":"","format":"standard","meta":{"footnotes":""},"categories":[299,213,219],"tags":[41,17],"class_list":{"0":"post-215532","1":"post","2":"type-post","3":"status-publish","4":"format-standard","5":"has-post-thumbnail","7":"category-notas-locales","8":"category-poza-rica","9":"category-zona-norte","10":"tag-portada","11":"tag-poza-rica"},"nelio_content":{"isAutoShareEnabled":true,"autoShareEndMode":"never","automationSources":{"useCustomSentences":false,"customSentences":[]},"followers":[7,4],"suggestedReferences":[],"efiUrl":"","efiAlt":"","highlights":[],"permalinkQueryArgs":[],"series":[]},"_links":{"self":[{"href":"https:\/\/www.enteratever.com\/2023\/wp-json\/wp\/v2\/posts\/215532","targetHints":{"allow":["GET"]}}],"collection":[{"href":"https:\/\/www.enteratever.com\/2023\/wp-json\/wp\/v2\/posts"}],"about":[{"href":"https:\/\/www.enteratever.com\/2023\/wp-json\/wp\/v2\/types\/post"}],"author":[{"embeddable":true,"href":"https:\/\/www.enteratever.com\/2023\/wp-json\/wp\/v2\/users\/4"}],"replies":[{"embeddable":true,"href":"https:\/\/www.enteratever.com\/2023\/wp-json\/wp\/v2\/comments?post=215532"}],"version-history":[{"count":1,"href":"https:\/\/www.enteratever.com\/2023\/wp-json\/wp\/v2\/posts\/215532\/revisions"}],"predecessor-version":[{"id":215536,"href":"https:\/\/www.enteratever.com\/2023\/wp-json\/wp\/v2\/posts\/215532\/revisions\/215536"}],"wp:featuredmedia":[{"embeddable":true,"href":"https:\/\/www.enteratever.com\/2023\/wp-json\/wp\/v2\/media\/215535"}],"wp:attachment":[{"href":"https:\/\/www.enteratever.com\/2023\/wp-json\/wp\/v2\/media?parent=215532"}],"wp:term":[{"taxonomy":"category","embeddable":true,"href":"https:\/\/www.enteratever.com\/2023\/wp-json\/wp\/v2\/categories?post=215532"},{"taxonomy":"post_tag","embeddable":true,"href":"https:\/\/www.enteratever.com\/2023\/wp-json\/wp\/v2\/tags?post=215532"}],"curies":[{"name":"wp","href":"https:\/\/api.w.org\/{rel}","templated":true}]}}