{"id":215450,"date":"2024-08-16T17:40:51","date_gmt":"2024-08-16T23:40:51","guid":{"rendered":"https:\/\/www.enteratever.com\/2023\/?p=215450"},"modified":"2024-08-16T17:41:18","modified_gmt":"2024-08-16T23:41:18","slug":"la-filah-celebra-el-135-aniversario-de-la-biblioteca-nacional-de-antropologia-e-historia-con-novedad-editorial","status":"publish","type":"post","link":"https:\/\/www.enteratever.com\/2023\/2024\/08\/16\/la-filah-celebra-el-135-aniversario-de-la-biblioteca-nacional-de-antropologia-e-historia-con-novedad-editorial\/","title":{"rendered":"La FILAH celebra el 135 aniversario de la Biblioteca Nacional de Antropolog\u00eda e Historia, con novedad editorial"},"content":{"rendered":"<p>Visitas: 7<\/p><p>En el octavo d\u00eda de actividades de la 35 Feria Internacional del Libro de Antropolog\u00eda e Historia (FILAH), se present\u00f3 la novedad editorial \u00abBiblioteca Nacional de Antropolog\u00eda e Historia (BNAH) \u201cEusebio D\u00e1valos Hurtado\u201d. Retrospectiva Hist\u00f3rica\u00bb, en el Museo Nacional de Antropolog\u00eda (MNA).<\/p>\n<p>Editado por la Secretar\u00eda de Cultura del Gobierno de M\u00e9xico, a trav\u00e9s del Instituto Nacional de Antropolog\u00eda e Historia (INAH), el libro recupera la historia de este repositorio en desarrollo constante, el cual alberga m\u00e1s de 500,000 ejemplares, refiri\u00f3 el secretario t\u00e9cnico del INAH, Jos\u00e9 Luis Perea Gonz\u00e1lez.<\/p>\n<p>\u00abEsta biblioteca es poseedora de una importante hemeroteca, una fototeca, una mapoteca, un rico acervo sonoro, conformado por grabaciones de campo de importantes etnomusic\u00f3logos, y el testimonio oral de distintos actores de la historia nacional\u201d, describi\u00f3.<\/p>\n<p>Su Fondo Reservado, agreg\u00f3 el antrop\u00f3logo, resguarda miles de impresos que van del siglo XVI a la primera mitad del siglo XX, mientras que el Fondo Conventual re\u00fane m\u00e1s de 28,000 t\u00edtulos de varios conventos y colegios novohispanos.<\/p>\n<p>\u201cLa colecci\u00f3n de c\u00f3dices mexicanos es la m\u00e1s importante de Am\u00e9rica Latina, la cual le confiere reconocimiento internacional; custodia 200 de, aproximadamente, 500 c\u00f3dices mesoamericanos conocidos mundialmente, por lo cual fue reconocida como Memoria del Mundo, por la Organizaci\u00f3n de las Naciones Unidas para la Educaci\u00f3n, la Ciencia y la Cultura\u201d, destac\u00f3 Perea Gonz\u00e1lez al referir que, gracias al apoyo de la Secretar\u00eda de Cultura federal, a trav\u00e9s del proyecto Chapultepec, Naturaleza y Cultura, se ha renovado la sede de este importante recinto bibliogr\u00e1fico.<\/p>\n<p>Su m\u00e1s reciente adquisici\u00f3n es resultado de la generosa colaboraci\u00f3n de empresarios y personas interesadas en el rescate de la memoria de M\u00e9xico. \u201cSe trata de tres documentos pictogr\u00e1ficos de finales del siglo XVI y principios del XVII, a los que se les ha denominado C\u00f3dices de San Andr\u00e9s Tetepilco, por el lugar en el que estaban resguardados\u201d.<\/p>\n<p>La integraci\u00f3n de estos valiosos bienes virreinales es un acto fundamental de recuperaci\u00f3n hist\u00f3rica para M\u00e9xico y para el INAH, asegur\u00f3 el secretario t\u00e9cnico del INAH.<\/p>\n<p>En su intervenci\u00f3n, el director de la BNAH y coordinador de la publicaci\u00f3n, Baltazar Brito Guadarrama, record\u00f3 que el recinto fue inaugurado el 22 de diciembre de 1888, por el historiador Francisco del Paso y Troncoso, \u201cconvirti\u00e9ndose en uno de los puntos de reuni\u00f3n m\u00e1s concurrido por los estudiosos de la naturaleza y el pasado mexicanos\u201d.<\/p>\n<p>Asimismo, destac\u00f3 que se trat\u00f3 de un proyecto colectivo en el que participaron Adriana Rivas de la Chica, Mar\u00eda Sep\u00falveda Herrera, Ang\u00e9lica Hern\u00e1ndez P\u00e9rez, Ivonne Rosales Ferra, Laura Herrera Serna, Antonio Tovar Ortiz, Fabiola Ch\u00e1vez B\u00e1rcenas, Jos\u00e9 Mart\u00ednez Garc\u00eda, Miguel N\u00e1jera P\u00e9rez y Juan Carlos Franco Montes de Oca.<\/p>\n<p>En su intervenci\u00f3n, la hija del antrop\u00f3logo f\u00edsico Eusebio D\u00e1valos Hurtado (1909-1968), Maya D\u00e1valos Murillo, expres\u00f3 que su padre \u201ccultiv\u00f3 y despleg\u00f3 la idea de que los museos fueran polos de desarrollo cultural donde, adem\u00e1s del patrimonio exhibido y resguardado, tuvieran un sitio de lectura y de investigaci\u00f3n, como un baluarte de la protecci\u00f3n del patrimonio literario\u201d.<\/p>\n<p>Y a\u00f1adi\u00f3 que \u201ccon la FILAH se promueve una vertiente m\u00e1s de su pensamiento, y hace posible el fortalecimiento de la lectura y la investigaci\u00f3n\u00bb. <\/p>\n<p>En tanto, el director del MNA, Antonio Saborit Garc\u00eda Pe\u00f1a, destac\u00f3 que la BNAH \u00abes una de las mejores bibliotecas de nuestro pa\u00eds, y este libro recupera la historia de uno de los muchos espacios que hemos construido en el INAH, a lo largo de sus 85 a\u00f1os de vida.<\/p>\n<p>\u201cTodo lo que sabemos de Mesoam\u00e9rica est\u00e1 en esta biblioteca, y celebro que exista un esp\u00edritu de divulgaci\u00f3n en torno a este espacio dedicado al conocimiento\u201d, finaliz\u00f3.<\/p>\n<p>Durante la 35 FILAH, la novedad editorial se puede adquirir a mitad de precio, en 290 pesos, hasta el 18 de agosto de 2024, en el estand del INAH.<\/p>\n<p>La FILAH es el encuentro literario, especializado en ciencias antropol\u00f3gicas, m\u00e1s importante de Am\u00e9rica Latina, este a\u00f1o cuenta con m\u00e1s de 400 actividades gratuitas y aptas para todo p\u00fablico. Consulta el programa en este enlace: www.feriadelibro.inah.gob.mx.<\/p>\n<p>&#8212;oo0oo&#8212;<\/p>\n","protected":false},"excerpt":{"rendered":"<p>Visitas: 7En el octavo d\u00eda de actividades de la 35 Feria Internacional del Libro de Antropolog\u00eda e Historia (FILAH), se present\u00f3 la novedad editorial \u00abBiblioteca Nacional de Antropolog\u00eda e Historia (BNAH) \u201cEusebio D\u00e1valos Hurtado\u201d. Retrospectiva Hist\u00f3rica\u00bb, en el Museo Nacional de Antropolog\u00eda (MNA). Editado por la Secretar\u00eda de Cultura del Gobierno de M\u00e9xico, a trav\u00e9s [&hellip;]<\/p>\n","protected":false},"author":2,"featured_media":215459,"comment_status":"open","ping_status":"open","sticky":false,"template":"","format":"standard","meta":{"footnotes":""},"categories":[237,236],"tags":[],"class_list":{"0":"post-215450","1":"post","2":"type-post","3":"status-publish","4":"format-standard","5":"has-post-thumbnail","7":"category-xalapa","8":"category-zona-centro"},"nelio_content":{"isAutoShareEnabled":true,"autoShareEndMode":"never","automationSources":{"useCustomSentences":false,"customSentences":[]},"followers":[7,2],"suggestedReferences":[],"efiUrl":"","efiAlt":"","highlights":[],"permalinkQueryArgs":[],"series":[]},"_links":{"self":[{"href":"https:\/\/www.enteratever.com\/2023\/wp-json\/wp\/v2\/posts\/215450","targetHints":{"allow":["GET"]}}],"collection":[{"href":"https:\/\/www.enteratever.com\/2023\/wp-json\/wp\/v2\/posts"}],"about":[{"href":"https:\/\/www.enteratever.com\/2023\/wp-json\/wp\/v2\/types\/post"}],"author":[{"embeddable":true,"href":"https:\/\/www.enteratever.com\/2023\/wp-json\/wp\/v2\/users\/2"}],"replies":[{"embeddable":true,"href":"https:\/\/www.enteratever.com\/2023\/wp-json\/wp\/v2\/comments?post=215450"}],"version-history":[{"count":2,"href":"https:\/\/www.enteratever.com\/2023\/wp-json\/wp\/v2\/posts\/215450\/revisions"}],"predecessor-version":[{"id":215463,"href":"https:\/\/www.enteratever.com\/2023\/wp-json\/wp\/v2\/posts\/215450\/revisions\/215463"}],"wp:featuredmedia":[{"embeddable":true,"href":"https:\/\/www.enteratever.com\/2023\/wp-json\/wp\/v2\/media\/215459"}],"wp:attachment":[{"href":"https:\/\/www.enteratever.com\/2023\/wp-json\/wp\/v2\/media?parent=215450"}],"wp:term":[{"taxonomy":"category","embeddable":true,"href":"https:\/\/www.enteratever.com\/2023\/wp-json\/wp\/v2\/categories?post=215450"},{"taxonomy":"post_tag","embeddable":true,"href":"https:\/\/www.enteratever.com\/2023\/wp-json\/wp\/v2\/tags?post=215450"}],"curies":[{"name":"wp","href":"https:\/\/api.w.org\/{rel}","templated":true}]}}