{"id":215232,"date":"2024-08-09T17:49:35","date_gmt":"2024-08-09T23:49:35","guid":{"rendered":"https:\/\/www.enteratever.com\/2023\/?p=215232"},"modified":"2024-08-09T17:49:35","modified_gmt":"2024-08-09T23:49:35","slug":"llegara-nuevamente-a-papantla-santa-teresita-del-nino-jesus","status":"publish","type":"post","link":"https:\/\/www.enteratever.com\/2023\/2024\/08\/09\/llegara-nuevamente-a-papantla-santa-teresita-del-nino-jesus\/","title":{"rendered":"Llegar\u00e1 nuevamente a Papantla Santa Teresita del Ni\u00f1o Jes\u00fas"},"content":{"rendered":"<p>Visitas: 1<\/p><p>Luego de cuatro meses de haber sido retirada la campa\u00f1a de la Parroquia de Nuestra Se\u00f1ora de la Asunci\u00f3n,  este pr\u00f3ximo s\u00e1bado diez de agosto volver\u00e1n colocarla en la iglesia de nuestra se\u00f1ora de la Asunci\u00f3n <\/p>\n<p>La Campana de Santa Teresita del Ni\u00f1o Jes\u00fas, fue fundida para su restauraci\u00f3n por la empresa Campanas Gress, en el estado de Hidalgo<\/p>\n<p>Fue el pasado d\u00edez de abril del presente a\u00f1o,  cuando fue retirada para trasladarla hasta donde fue fundida y restaurada <\/p>\n<p>Las autoridades eclesi\u00e1sticas han informado que nuevamente ser\u00e1 colocada en el campanario donde ha estado por al menos ochenta y cuatro a\u00f1os desde que fue colocada en el a\u00f1o 1940.<\/p>\n<p>C\u00f3mo tal antes de ser colocada,  se realizar\u00e1 una procesi\u00f3n que saldr\u00e1 en punto de las 10:00 de la ma\u00f1ana, de la Capilla de Cristo Rey, para recorrer las principales calles de la ciudad y posteriormente colocarla en el Campanario de Nuestra Se\u00f1ora de la Asunci\u00f3n.<\/p>\n","protected":false},"excerpt":{"rendered":"<p>Visitas: 1Luego de cuatro meses de haber sido retirada la campa\u00f1a de la Parroquia de Nuestra Se\u00f1ora de la Asunci\u00f3n, este pr\u00f3ximo s\u00e1bado diez de agosto volver\u00e1n colocarla en la iglesia de nuestra se\u00f1ora de la Asunci\u00f3n La Campana de Santa Teresita del Ni\u00f1o Jes\u00fas, fue fundida para su restauraci\u00f3n por la empresa Campanas Gress, [&hellip;]<\/p>\n","protected":false},"author":3,"featured_media":215234,"comment_status":"open","ping_status":"open","sticky":false,"template":"","format":"standard","meta":{"footnotes":""},"categories":[299,215,219],"tags":[],"class_list":{"0":"post-215232","1":"post","2":"type-post","3":"status-publish","4":"format-standard","5":"has-post-thumbnail","7":"category-notas-locales","8":"category-papantla","9":"category-zona-norte"},"nelio_content":{"isAutoShareEnabled":true,"autoShareEndMode":"never","automationSources":{"useCustomSentences":false,"customSentences":[]},"followers":[7,3],"suggestedReferences":[],"efiUrl":"","efiAlt":"","highlights":[],"permalinkQueryArgs":[],"series":[]},"_links":{"self":[{"href":"https:\/\/www.enteratever.com\/2023\/wp-json\/wp\/v2\/posts\/215232","targetHints":{"allow":["GET"]}}],"collection":[{"href":"https:\/\/www.enteratever.com\/2023\/wp-json\/wp\/v2\/posts"}],"about":[{"href":"https:\/\/www.enteratever.com\/2023\/wp-json\/wp\/v2\/types\/post"}],"author":[{"embeddable":true,"href":"https:\/\/www.enteratever.com\/2023\/wp-json\/wp\/v2\/users\/3"}],"replies":[{"embeddable":true,"href":"https:\/\/www.enteratever.com\/2023\/wp-json\/wp\/v2\/comments?post=215232"}],"version-history":[{"count":1,"href":"https:\/\/www.enteratever.com\/2023\/wp-json\/wp\/v2\/posts\/215232\/revisions"}],"predecessor-version":[{"id":215235,"href":"https:\/\/www.enteratever.com\/2023\/wp-json\/wp\/v2\/posts\/215232\/revisions\/215235"}],"wp:featuredmedia":[{"embeddable":true,"href":"https:\/\/www.enteratever.com\/2023\/wp-json\/wp\/v2\/media\/215234"}],"wp:attachment":[{"href":"https:\/\/www.enteratever.com\/2023\/wp-json\/wp\/v2\/media?parent=215232"}],"wp:term":[{"taxonomy":"category","embeddable":true,"href":"https:\/\/www.enteratever.com\/2023\/wp-json\/wp\/v2\/categories?post=215232"},{"taxonomy":"post_tag","embeddable":true,"href":"https:\/\/www.enteratever.com\/2023\/wp-json\/wp\/v2\/tags?post=215232"}],"curies":[{"name":"wp","href":"https:\/\/api.w.org\/{rel}","templated":true}]}}