{"id":215220,"date":"2024-08-09T15:46:54","date_gmt":"2024-08-09T21:46:54","guid":{"rendered":"https:\/\/www.enteratever.com\/2023\/?p=215220"},"modified":"2024-08-09T15:46:54","modified_gmt":"2024-08-09T21:46:54","slug":"menores-de-san-pablo-reciben-curso-de-vialidad-responsable","status":"publish","type":"post","link":"https:\/\/www.enteratever.com\/2023\/2024\/08\/09\/menores-de-san-pablo-reciben-curso-de-vialidad-responsable\/","title":{"rendered":"Menores de San Pablo reciben curso de vialidad responsable"},"content":{"rendered":"<p>Visitas: 1<\/p><p>Elementos de la Delegaci\u00f3n de Tr\u00e1nsito y Seguridad Vial en Papantla, llevaron a cabo un  taller de vialidad con menores de edad en la comunidad de San Pablo perteneciente a este municipio <\/p>\n<p>En dicho encuentro con los menores de la comunidad se les brindo informaci\u00f3n sobre las diferentes se\u00f1al\u00e9ticas que existen  para peatones as\u00ed como para automovilistas y la importancia de los cascos para motociclista y dem\u00e1s medidas de seguridad para conductores.<\/p>\n<p>Por parte, Jos\u00e9 Herminio Polito M\u00e9rida,  Delegado de tr\u00e1nsito y seguridad vial, se\u00f1alo que dicho  curso sobre \u00abVialidad Responsable\u00bb, es con el objetivo de que los menores conozcan sobre las leyes de tr\u00e1nsito y se vayan creando una cultura vial<\/p>\n<p>Que sepan sobre sus derechos como peatones o conductores de alg\u00fan tipo de veh\u00edculo motriz. Asimismo declar\u00f3 que que estos talleres no solo se imparten a menores de edad en temporada escolar, sino que tambi\u00e9n durante este periodo de receso de clases, con el fin de interactuar con los infantes y la ciudadan\u00eda del municipio<\/p>\n<p>Para finalizar detallo que esta misma informaci\u00f3n se da al personal de las diferentes empresas que hay dentro de esta jurisdicci\u00f3n de la delegaci\u00f3n n\u00famero 13 de tr\u00e1nsito y seguridad vial<\/p>\n","protected":false},"excerpt":{"rendered":"<p>Visitas: 1Elementos de la Delegaci\u00f3n de Tr\u00e1nsito y Seguridad Vial en Papantla, llevaron a cabo un taller de vialidad con menores de edad en la comunidad de San Pablo perteneciente a este municipio En dicho encuentro con los menores de la comunidad se les brindo informaci\u00f3n sobre las diferentes se\u00f1al\u00e9ticas que existen para peatones as\u00ed [&hellip;]<\/p>\n","protected":false},"author":3,"featured_media":215224,"comment_status":"open","ping_status":"open","sticky":false,"template":"","format":"standard","meta":{"footnotes":""},"categories":[299,215,219],"tags":[],"class_list":{"0":"post-215220","1":"post","2":"type-post","3":"status-publish","4":"format-standard","5":"has-post-thumbnail","7":"category-notas-locales","8":"category-papantla","9":"category-zona-norte"},"nelio_content":{"isAutoShareEnabled":true,"autoShareEndMode":"never","automationSources":{"useCustomSentences":false,"customSentences":[]},"followers":[7,3],"suggestedReferences":[],"efiUrl":"","efiAlt":"","highlights":[],"permalinkQueryArgs":[],"series":[]},"_links":{"self":[{"href":"https:\/\/www.enteratever.com\/2023\/wp-json\/wp\/v2\/posts\/215220","targetHints":{"allow":["GET"]}}],"collection":[{"href":"https:\/\/www.enteratever.com\/2023\/wp-json\/wp\/v2\/posts"}],"about":[{"href":"https:\/\/www.enteratever.com\/2023\/wp-json\/wp\/v2\/types\/post"}],"author":[{"embeddable":true,"href":"https:\/\/www.enteratever.com\/2023\/wp-json\/wp\/v2\/users\/3"}],"replies":[{"embeddable":true,"href":"https:\/\/www.enteratever.com\/2023\/wp-json\/wp\/v2\/comments?post=215220"}],"version-history":[{"count":1,"href":"https:\/\/www.enteratever.com\/2023\/wp-json\/wp\/v2\/posts\/215220\/revisions"}],"predecessor-version":[{"id":215227,"href":"https:\/\/www.enteratever.com\/2023\/wp-json\/wp\/v2\/posts\/215220\/revisions\/215227"}],"wp:featuredmedia":[{"embeddable":true,"href":"https:\/\/www.enteratever.com\/2023\/wp-json\/wp\/v2\/media\/215224"}],"wp:attachment":[{"href":"https:\/\/www.enteratever.com\/2023\/wp-json\/wp\/v2\/media?parent=215220"}],"wp:term":[{"taxonomy":"category","embeddable":true,"href":"https:\/\/www.enteratever.com\/2023\/wp-json\/wp\/v2\/categories?post=215220"},{"taxonomy":"post_tag","embeddable":true,"href":"https:\/\/www.enteratever.com\/2023\/wp-json\/wp\/v2\/tags?post=215220"}],"curies":[{"name":"wp","href":"https:\/\/api.w.org\/{rel}","templated":true}]}}